{"id":328510,"date":"2023-12-01T20:07:11","date_gmt":"2023-12-01T19:07:11","guid":{"rendered":"https:\/\/www.parispackagingweek.com\/?p=328510"},"modified":"2023-12-01T20:09:02","modified_gmt":"2023-12-01T19:09:02","slug":"join-lvmh-unilever-chanel-pernod-ricard-loreal-and-more-at-paris-packaging-week-2024","status":"publish","type":"post","link":"https:\/\/www.parispackagingweek.com\/en\/2023\/12\/01\/join-lvmh-unilever-chanel-pernod-ricard-loreal-and-more-at-paris-packaging-week-2024\/","title":{"rendered":"Join LVMH, Unilever, Chanel, Pernod Ricard, L&#8217;Or\u00e9al and more at Paris Packaging Week 2024"},"content":{"rendered":"<p>The world\u2019s leading brands will be at Paris Packaging Week 2024 \u2013 will you?<\/p>\n<p>In less than two months, buyers and designers from the world&#8217;s leading\u00a0<b>beauty\u00a0<\/b>and\u00a0<b>personal care<\/b>,\u00a0<b>premium drinks<\/b>,\u00a0<b>aerosols\u00a0<\/b>and\u00a0<b>luxury\u00a0<\/b>brands\u00a0will meet at\u00a0<b><a title=\"PCD Paris 2024\" href=\"https:\/\/click.global.easyfairs.com\/?qs=71ca05d205e5e491018c72d4c6d0c0696fb450c3740c9579b815a968b3c512a18eea5567b557e1f6e01b3db52e84787e697ceed526f1444d\" data-linkto=\"http:\/\/\">Paris Packaging Week 2024<\/a><\/b>\u00a0to create the future of their products.<\/p>\n<p>They trust Paris Packaging Week as the ideal place to\u00a0<b>innovate their brands<\/b>\u00a0by\u00a0<b>meeting new suppliers<\/b>,\u00a0<b>discovering new products<\/b>,\u00a0<b>networking\u00a0<\/b>and much more.<\/p>\n<p>If you want to join the best of the best from the packaging industry (and I think you do)&#8230;\u00a0<b><a title=\"register today for ADF Paris 2024.\u00a0\" href=\"https:\/\/click.global.easyfairs.com\/?qs=71ca05d205e5e4919f841e8dda24b4e9194c30dec9b398dc817029e54b33f6e7e906c69fad159c3e1b55b7c454fb72220edda57c46521f4c\" data-linkto=\"https:\/\/\">register today for Paris Packaging Week 2024.<\/a><\/b><\/p>\n<p>\t\t\t\t\t\t\t\t\t\t\t\t<img loading=\"lazy\" decoding=\"async\" width=\"600\" height=\"150\" src=\"https:\/\/easyfairsassets.com\/sites\/61\/2023\/12\/PPW2024.png\" alt=\"\" loading=\"lazy\" srcset=\"https:\/\/easyfairsassets.com\/sites\/61\/2023\/12\/PPW2024.png 600w, https:\/\/easyfairsassets.com\/sites\/61\/2023\/12\/PPW2024-300x75.png 300w\" sizes=\"auto, (max-width: 600px) 100vw, 600px\" \/>\t\t\t\t\t\t\t\t\t\t\t\t\t\t<\/p>\n<p><strong>Experiences to inspire<\/strong><\/p>\n<p>At Paris Packaging Week, it&#8217;s all about making meaningful connections, learning something new, feeling inspired, and most importantly, investing in the future of your brand.<\/p>\n<p>\ud83d\udca1 Visit our Innovation galleries and join our eco-tours to give you a glimpse of the materials and designs that can help you achieve your innovation goals.<\/p>\n<p>\u267b\ufe0f Meet 655+ packaging suppliers who are ready to present their packaging solutions, innovations, and materials &#8211; all to help you prepare, execute and deliver your future packaging projects.<\/p>\n<p>\ud83c\udfa4\ufe0f Our Talks programme will uncover trends, challenges, strategies and tactics on how to thrive in our current climate, and stay ahead of the game.<\/p>\n<p>\ud83e\udd1d Meet new people, share cross-sector innovation and network throughout the event in a relaxed environment in one of our many lounges and bars.<\/p>\n<p>            <a href=\"https:\/\/www.instagram.com\/vogis.gin\/?\" target=\"_blank\" role=\"button\" rel=\"noopener\"><br \/>\n                    <\/a><br \/>\n            <a href=\"https:\/\/register.visitcloud.com\/survey\/12oucgl5nn6vd\/start?translation=1y3e4bjlh3me0\" target=\"_blank\" role=\"button\" rel=\"noopener\"><br \/>\n            \t\t\tREGISTER FOR YOUR COMPLIMENTARY TICKET HERE<br \/>\n                    <\/a><\/p>\n<ul>\n<li>\n\t\t\t\t\t\t\t\t\t\t\t<a href=\"https:\/\/www.facebook.com\/parispackagingweek\" target=\"_blank\" rel=\"noopener\"><br \/>\n\t\t\t\t\t\t\t\t\t\t\t<\/a>\n\t\t\t\t\t\t\t\t\t<\/li>\n<li>\n\t\t\t\t\t\t\t\t\t\t\t<a href=\"https:\/\/twitter.com\/parispackweek\" target=\"_blank\" rel=\"noopener\"><br \/>\n\t\t\t\t\t\t\t\t\t\t\t<\/a>\n\t\t\t\t\t\t\t\t\t<\/li>\n<li>\n\t\t\t\t\t\t\t\t\t\t\t<a href=\"https:\/\/www.linkedin.com\/showcase\/parispackagingweek\" target=\"_blank\" rel=\"noopener\"><br \/>\n\t\t\t\t\t\t\t\t\t\t\t<\/a>\n\t\t\t\t\t\t\t\t\t<\/li>\n<li>\n\t\t\t\t\t\t\t\t\t\t\t<a href=\"https:\/\/www.instagram.com\/parispackagingweek\/\" target=\"_blank\" rel=\"noopener\"><br \/>\n\t\t\t\t\t\t\t\t\t\t\t<\/a>\n\t\t\t\t\t\t\t\t\t<\/li>\n<\/ul>\n<h2>Share this article<\/h2>\n<p>\t\t\t\t\t\t\t\t\t\tFacebook<br \/>\n\t\t\t\t\t\t\t\t\t\tTwitter<br \/>\n\t\t\t\t\t\t\t\t\t\tLinkedIn\t\t\t\t\t\t\t\t\t<\/p>\n<p>Photo de www.industries-cosmetiques.fr<\/p>\n<h2>Sing-up to our newsletter<\/h2>\n<h2>Latest articles from Paris Packaging Week<\/h2>\n<style>\n            .elementor-element-60377b9 {\n                display: none !important;\n                height: 0 !important;\n            }\n\t\t<\/style>\n","protected":false},"excerpt":{"rendered":"<p>The world\u2019s leading brands will be at Paris Packaging Week 2024 \u2013 will you? In less than two months, buyers and designers from the world&#8217;s leading\u00a0beauty\u00a0and\u00a0personal care,\u00a0premium drinks,\u00a0aerosols\u00a0and\u00a0luxury\u00a0brands\u00a0will meet at\u00a0Paris Packaging Week 2024\u00a0to create the future of their products. They trust Paris Packaging Week as the ideal place to\u00a0innovate their brands\u00a0by\u00a0meeting new suppliers,\u00a0discovering new products,\u00a0networking\u00a0and [&hellip;]<\/p>\n","protected":false},"author":85,"featured_media":328513,"comment_status":"closed","ping_status":"open","sticky":false,"template":"","format":"standard","meta":{"_seopress_robots_primary_cat":"none","_seopress_titles_title":"Paris Packaging Week | Rejoignez LVMH, Unilever, Chanel, Pernod Ricard, L&#039;Or\u00e9al et bien d&#039;autres \u00e0 la Paris Packaging Week 2024","_seopress_titles_desc":"Les plus grandes marques mondiales seront pr\u00e9sentes \u00e0 la Paris Packaging Week 2024. Et vous ?","_seopress_robots_index":"","footnotes":""},"categories":[422],"tags":[],"edition":[],"class_list":["post-328510","post","type-post","status-publish","format-standard","has-post-thumbnail","hentry","category-event-news-en"],"_links":{"self":[{"href":"https:\/\/www.parispackagingweek.com\/en\/wp-json\/wp\/v2\/posts\/328510","targetHints":{"allow":["GET"]}}],"collection":[{"href":"https:\/\/www.parispackagingweek.com\/en\/wp-json\/wp\/v2\/posts"}],"about":[{"href":"https:\/\/www.parispackagingweek.com\/en\/wp-json\/wp\/v2\/types\/post"}],"author":[{"embeddable":true,"href":"https:\/\/www.parispackagingweek.com\/en\/wp-json\/wp\/v2\/users\/85"}],"replies":[{"embeddable":true,"href":"https:\/\/www.parispackagingweek.com\/en\/wp-json\/wp\/v2\/comments?post=328510"}],"version-history":[{"count":3,"href":"https:\/\/www.parispackagingweek.com\/en\/wp-json\/wp\/v2\/posts\/328510\/revisions"}],"predecessor-version":[{"id":328522,"href":"https:\/\/www.parispackagingweek.com\/en\/wp-json\/wp\/v2\/posts\/328510\/revisions\/328522"}],"wp:featuredmedia":[{"embeddable":true,"href":"https:\/\/www.parispackagingweek.com\/en\/wp-json\/wp\/v2\/media\/328513"}],"wp:attachment":[{"href":"https:\/\/www.parispackagingweek.com\/en\/wp-json\/wp\/v2\/media?parent=328510"}],"wp:term":[{"taxonomy":"category","embeddable":true,"href":"https:\/\/www.parispackagingweek.com\/en\/wp-json\/wp\/v2\/categories?post=328510"},{"taxonomy":"post_tag","embeddable":true,"href":"https:\/\/www.parispackagingweek.com\/en\/wp-json\/wp\/v2\/tags?post=328510"},{"taxonomy":"edition","embeddable":true,"href":"https:\/\/www.parispackagingweek.com\/en\/wp-json\/wp\/v2\/edition?post=328510"}],"curies":[{"name":"wp","href":"https:\/\/api.w.org\/{rel}","templated":true}]}}