{"id":487189,"date":"2025-10-28T12:14:55","date_gmt":"2025-10-28T11:14:55","guid":{"rendered":"https:\/\/www.parispackagingweek.com\/?p=487189"},"modified":"2025-10-28T16:06:42","modified_gmt":"2025-10-28T15:06:42","slug":"innovation-centre-stage","status":"publish","type":"post","link":"https:\/\/www.parispackagingweek.com\/en\/2025\/10\/28\/innovation-centre-stage\/","title":{"rendered":"Press release | Innovation takes centre stage at Paris Packaging Week 2026"},"content":{"rendered":"\t\t<div data-elementor-type=\"wp-post\" data-elementor-id=\"487189\" class=\"elementor elementor-487189 elementor-487188\" data-elementor-post-type=\"post\">\n\t\t\t\t\t\t<section class=\"elementor-section elementor-top-section elementor-element elementor-element-c04a20a elementor-section-full_width elementor-section-height-default elementor-section-height-default\" data-id=\"c04a20a\" data-element_type=\"section\" data-settings=\"{&quot;background_background&quot;:&quot;classic&quot;}\">\n\t\t\t\t\t\t<div class=\"elementor-container elementor-column-gap-custom\">\n\t\t\t\t\t<div class=\"elementor-column elementor-col-50 elementor-top-column elementor-element elementor-element-35239d0\" data-id=\"35239d0\" data-element_type=\"column\">\n\t\t\t<div class=\"elementor-widget-wrap\">\n\t\t\t\t\t\t\t<\/div>\n\t\t<\/div>\n\t\t\t\t<div class=\"elementor-column elementor-col-50 elementor-top-column elementor-element elementor-element-d6b5024\" data-id=\"d6b5024\" data-element_type=\"column\">\n\t\t\t<div class=\"elementor-widget-wrap elementor-element-populated\">\n\t\t\t\t\t\t<div class=\"elementor-element elementor-element-3a6ad1b elementor-widget elementor-widget-theme-post-title elementor-page-title elementor-widget-heading\" data-id=\"3a6ad1b\" data-element_type=\"widget\" data-widget_type=\"theme-post-title.default\">\n\t\t\t\t<div class=\"elementor-widget-container\">\n\t\t\t\t\t<h1 class=\"elementor-heading-title elementor-size-default\">Press release | Innovation takes centre stage at Paris Packaging Week 2026<\/h1>\t\t\t\t<\/div>\n\t\t\t\t<\/div>\n\t\t\t\t\t<\/div>\n\t\t<\/div>\n\t\t\t\t\t<\/div>\n\t\t<\/section>\n\t\t\t\t<section class=\"elementor-section elementor-top-section elementor-element elementor-element-4dfaf9c elementor-section-full_width elementor-section-height-default elementor-section-height-default\" data-id=\"4dfaf9c\" data-element_type=\"section\" data-settings=\"{&quot;background_background&quot;:&quot;classic&quot;}\">\n\t\t\t\t\t\t<div class=\"elementor-container elementor-column-gap-default\">\n\t\t\t\t\t<div class=\"elementor-column elementor-col-25 elementor-top-column elementor-element elementor-element-6d940a7\" data-id=\"6d940a7\" data-element_type=\"column\">\n\t\t\t<div class=\"elementor-widget-wrap elementor-element-populated\">\n\t\t\t\t\t\t\t<\/div>\n\t\t<\/div>\n\t\t\t\t<div class=\"elementor-column elementor-col-25 elementor-top-column elementor-element elementor-element-9956d49\" data-id=\"9956d49\" data-element_type=\"column\">\n\t\t\t<div class=\"elementor-widget-wrap elementor-element-populated\">\n\t\t\t\t\t\t<div class=\"elementor-element elementor-element-ee9acd9 elementor-widget elementor-widget-post-info\" data-id=\"ee9acd9\" data-element_type=\"widget\" data-widget_type=\"post-info.default\">\n\t\t\t\t<div class=\"elementor-widget-container\">\n\t\t\t\t\t\t\t<ul class=\"elementor-icon-list-items elementor-post-info\">\n\t\t\t\t\t\t\t\t<li class=\"elementor-icon-list-item elementor-repeater-item-bdf8f56\" itemprop=\"datePublished\">\n\t\t\t\t\t\t<a href=\"https:\/\/www.parispackagingweek.com\/en\/2025\/10\/28\/\">\n\t\t\t\t\t\t\t\t\t\t\t\t\t\t<span class=\"elementor-icon-list-text elementor-post-info__item elementor-post-info__item--type-date\">\n\t\t\t\t\t\t\t\t\t\t<time>October 28, 2025<\/time>\t\t\t\t\t<\/span>\n\t\t\t\t\t\t\t\t\t<\/a>\n\t\t\t\t<\/li>\n\t\t\t\t<\/ul>\n\t\t\t\t\t\t<\/div>\n\t\t\t\t<\/div>\n\t\t\t\t<div class=\"elementor-element elementor-element-dd33671 elementor-widget elementor-widget-text-editor\" data-id=\"dd33671\" data-element_type=\"widget\" data-widget_type=\"text-editor.default\">\n\t\t\t\t<div class=\"elementor-widget-container\">\n\t\t\t\t\t\t\t\t\t<p><strong>Paris, 28 October 2025<\/strong> \u2013 The packaging world will gather in Paris on <strong>5 and 6 February<\/strong>, as <strong>more than 900 exhibitors<\/strong> \u2013 including <strong>Kurz, Heinz, Gainerie Moderne<\/strong> and <strong>Arcelor Mittal<\/strong> \u2013 take over <strong>Hall 1 at Paris Expo Porte de Versailles<\/strong>. The vast space will be transformed into a <strong>showcase of the latest trends and innovations<\/strong> shaping the future of packaging.<\/p>\t\t\t\t\t\t\t\t<\/div>\n\t\t\t\t<\/div>\n\t\t\t\t<div class=\"elementor-element elementor-element-d19721e elementor-widget elementor-widget-text-editor\" data-id=\"d19721e\" data-element_type=\"widget\" data-widget_type=\"text-editor.default\">\n\t\t\t\t<div class=\"elementor-widget-container\">\n\t\t\t\t\t\t\t\t\t<p>This year welcomes <strong>155 new exhibitors<\/strong>, among them <strong>Carr\u00e9 d&#8217;\u00c9b\u00e8ne, Drago, MCC France Ouest<\/strong> and <strong>Thepenier Pharma &amp; Cosmetic<\/strong>, bringing a fresh wave of <strong>creativity, new ideas and bold projects<\/strong> to the event.<\/p>\t\t\t\t\t\t\t\t<\/div>\n\t\t\t\t<\/div>\n\t\t\t\t<div class=\"elementor-element elementor-element-afe2937 elementor-widget elementor-widget-heading\" data-id=\"afe2937\" data-element_type=\"widget\" data-widget_type=\"heading.default\">\n\t\t\t\t<div class=\"elementor-widget-container\">\n\t\t\t\t\t<h2 class=\"elementor-heading-title elementor-size-default\">Innovation at the heart of the packaging industry<\/h2>\t\t\t\t<\/div>\n\t\t\t\t<\/div>\n\t\t\t\t<div class=\"elementor-element elementor-element-b96e23d elementor-widget elementor-widget-text-editor\" data-id=\"b96e23d\" data-element_type=\"widget\" data-widget_type=\"text-editor.default\">\n\t\t\t\t<div class=\"elementor-widget-container\">\n\t\t\t\t\t\t\t\t\t<p>With the forthcoming <strong>European PPWR regulation<\/strong>, the <strong>Refill &amp; Reuse Zone<\/strong> is set to be one of the <strong>standout features<\/strong> of this edition. Dedicated to <strong>sustainable innovation<\/strong>, this new area is organised in partnership with the <strong>New European Reuse Alliance (New ERA)<\/strong> \u2013 Europe\u2019s leading association promoting refillable and reusable solutions. It will shine a spotlight on the <strong>pioneers of reusable packaging<\/strong> and the <strong>innovations redefining packaging<\/strong> within a circular, sustainable and desirable model.<\/p><p>Also returning in 2026 is the <strong>Discovery Zone<\/strong>, launched in 2025 as a hub for innovation. This year, it offers an <strong>expanded vision of the future of packaging<\/strong>, featuring <strong>20 start-ups<\/strong>, <strong>new materials and products<\/strong>, and a <strong>preview of emerging technologies<\/strong> such as <strong>AI and smart packaging<\/strong> that are reshaping the industry.<\/p><p>Following its success last year, the <strong>PCD Full-Service Zone<\/strong> will also be back for a <strong>second edition<\/strong>, with a larger space and more exhibitors, offering an enhanced focus on <strong>luxury, cosmetics and fragrance packaging<\/strong>.<\/p>\t\t\t\t\t\t\t\t<\/div>\n\t\t\t\t<\/div>\n\t\t\t\t<div class=\"elementor-element elementor-element-1892d7f elementor-widget elementor-widget-heading\" data-id=\"1892d7f\" data-element_type=\"widget\" data-widget_type=\"heading.default\">\n\t\t\t\t<div class=\"elementor-widget-container\">\n\t\t\t\t\t<h2 class=\"elementor-heading-title elementor-size-default\">Creativity and industry insights take centre stage: the Pentawards Festival and the \u201cPerspectives\u201d Trend Report<\/h2>\t\t\t\t<\/div>\n\t\t\t\t<\/div>\n\t\t\t\t<div class=\"elementor-element elementor-element-b0f994d elementor-widget elementor-widget-text-editor\" data-id=\"b0f994d\" data-element_type=\"widget\" data-widget_type=\"text-editor.default\">\n\t\t\t\t<div class=\"elementor-widget-container\">\n\t\t\t\t\t\t\t\t\t<p>A global landmark for packaging design, the <strong>Pentawards Festival<\/strong> returns to <strong>Paris Packaging Week<\/strong> on <strong>5 and 6 February 2026<\/strong> for its <strong>second edition<\/strong>. This international celebration of creativity will feature <strong>two days of talks, debates and immersive experiences<\/strong>, offering a deep dive into the <strong>design trends and innovations<\/strong> shaping the future of packaging.<\/p><p>For the <strong>second consecutive year<\/strong>, <strong>Paris Packaging Week<\/strong> will also present its <strong>Perspectives 2026 Trend Report<\/strong>, themed <strong>\u201cCool &amp; Conscious\u201d<\/strong>. Designed as a key reference for the industry, the report explores one of the most powerful movements in packaging today: designs that balance <strong>desirability, aesthetics and sustainability<\/strong>. \u201cCool &amp; Conscious\u201d reflects a new generation of packaging \u2014 <strong>beautiful, thoughtful, and responsible<\/strong> \u2014 where creativity and ethics go hand in hand.<\/p><p>The report brings together insights from <strong>designers, brands, agencies and researchers<\/strong>, all sharing their vision of a future where <strong>style and sustainability<\/strong> create lasting value. Among this year\u2019s contributors are <strong>Louis Marty<\/strong>, CEO of <strong>Merci Handy<\/strong>, and <strong>Fr\u00e9d\u00e9ric Dreux<\/strong>, <strong>Global R&amp;D Packaging Director at Unilever<\/strong>, who discuss how brands are redefining their identities to unite <strong>creativity, environmental responsibility and user experience<\/strong>.<\/p><p><em>\u201cThis project perfectly reflects our vision: showing that it\u2019s possible to create colourful, vibrant packaging that\u2019s both eye-catching and environmentally conscious. At Merci Handy, we love demonstrating that sustainable beauty can be fun and full of magic,\u201d<\/em> says <strong>Louis Marty<\/strong>, CEO of <strong>Merci Handy<\/strong>.<\/p>\t\t\t\t\t\t\t\t<\/div>\n\t\t\t\t<\/div>\n\t\t\t\t<div class=\"elementor-element elementor-element-c3fd7e7 elementor-widget elementor-widget-heading\" data-id=\"c3fd7e7\" data-element_type=\"widget\" data-widget_type=\"heading.default\">\n\t\t\t\t<div class=\"elementor-widget-container\">\n\t\t\t\t\t<h2 class=\"elementor-heading-title elementor-size-default\">A new chapter of innovation begins at Place Vend\u00f4me<\/h2>\t\t\t\t<\/div>\n\t\t\t\t<\/div>\n\t\t\t\t<div class=\"elementor-element elementor-element-f7ad4e5 elementor-widget elementor-widget-text-editor\" data-id=\"f7ad4e5\" data-element_type=\"widget\" data-widget_type=\"text-editor.default\">\n\t\t\t\t<div class=\"elementor-widget-container\">\n\t\t\t\t\t\t\t\t\t<p>Since the first edition of <strong>PCD in 2001<\/strong>, <strong>Paris Packaging Week<\/strong> has championed creativity and excellence through its prestigious <strong>Innovation Awards<\/strong>. In <strong>2026<\/strong>, this celebration of innovation will reach a <strong>new level<\/strong> with the launch of the <strong>Innovation Awards Party<\/strong> \u2013 an <strong>exclusive evening event<\/strong> held on the eve of the show at one of Paris\u2019s most iconic venues, the <strong>Pavillon Vend\u00f4me, Place Vend\u00f4me<\/strong>. The event will officially open Paris Packaging Week in true style.<\/p><p>This year also marks another milestone: the <strong>Packaging Premi\u00e8re Innovation Awards<\/strong> will, for the first time, join the <strong>ADF<\/strong>, <strong>PCD<\/strong> and <strong>PLD Innovation Awards<\/strong>. Together, they will celebrate the most <strong>outstanding achievements in luxury packaging<\/strong> \u2013 from gourmet products and fashion accessories to watches and jewellery \u2013 bringing all sectors of the event <strong>under one roof<\/strong> for a single, prestigious celebration.<\/p><p>The entries will be judged by a <strong>panel of leading experts<\/strong> in packaging innovation and design from top international brands and agencies, with awards recognising <strong>technical innovation, design excellence, user experience and sustainability<\/strong>.<\/p>\t\t\t\t\t\t\t\t<\/div>\n\t\t\t\t<\/div>\n\t\t\t\t<div class=\"elementor-element elementor-element-a8f377d elementor-widget elementor-widget-heading\" data-id=\"a8f377d\" data-element_type=\"widget\" data-widget_type=\"heading.default\">\n\t\t\t\t<div class=\"elementor-widget-container\">\n\t\t\t\t\t<h2 class=\"elementor-heading-title elementor-size-default\">Paris Packaging Week 2026 <\/h2>\t\t\t\t<\/div>\n\t\t\t\t<\/div>\n\t\t\t\t<div class=\"elementor-element elementor-element-c18b649 elementor-widget elementor-widget-text-editor\" data-id=\"c18b649\" data-element_type=\"widget\" data-widget_type=\"text-editor.default\">\n\t\t\t\t<div class=\"elementor-widget-container\">\n\t\t\t\t\t\t\t\t\t<p><strong>Paris Packaging Week<\/strong> offers a <strong>tailored experience<\/strong> through its <strong>four market-specific exhibitions<\/strong>, each dedicated to a key sector of the packaging industry:<\/p><ul><li><strong>ADF<\/strong> \u2013 the leading event for the <strong>aerosol and dispensing systems<\/strong> market<\/li><li><strong>PCD<\/strong> \u2013 the <strong>global meeting place for beauty packaging<\/strong>, spanning skincare, makeup, haircare and fragrance<\/li><li><strong>PLD<\/strong> \u2013 the essential event for <strong>premium and luxury drinks packaging<\/strong><\/li><li><strong>Packaging Premi\u00e8re<\/strong> \u2013 dedicated to <strong>luxury packaging<\/strong> for fashion, watches, jewellery and fine food<\/li><li><strong>Pentawards Festival \u2013<\/strong> the global celebration of design and creativity in packaging.<\/li><\/ul><p><strong><br \/>Visitor registration is now open \u2013 free of charge \u2013 at <\/strong><a href=\"https:\/\/register.visitcloud.com\/survey\/1cnnaz9n130xt?translation=1y3e4bjlh3me0&amp;actioncode=203\"><strong>parispackagingweek.com<\/strong><\/a><strong>.<\/strong><\/p>\t\t\t\t\t\t\t\t<\/div>\n\t\t\t\t<\/div>\n\t\t\t\t<div class=\"elementor-element elementor-element-1bac938 elementor-widget elementor-widget-heading\" data-id=\"1bac938\" data-element_type=\"widget\" data-widget_type=\"heading.default\">\n\t\t\t\t<div class=\"elementor-widget-container\">\n\t\t\t\t\t<h2 class=\"elementor-heading-title elementor-size-default\">Practical Information<\/h2>\t\t\t\t<\/div>\n\t\t\t\t<\/div>\n\t\t\t\t<div class=\"elementor-element elementor-element-21afe92 elementor-widget elementor-widget-text-editor\" data-id=\"21afe92\" data-element_type=\"widget\" data-widget_type=\"text-editor.default\">\n\t\t\t\t<div class=\"elementor-widget-container\">\n\t\t\t\t\t\t\t\t\t<ul><li><strong>Dates: 5\u20136 February 2026<\/strong> (Innovation Awards Gala Party: 4 February)\u00a0<\/li><li><strong>Venue:<\/strong> Paris Expo Porte de Versailles, Hall 1\u00a0<\/li><\/ul>\t\t\t\t\t\t\t\t<\/div>\n\t\t\t\t<\/div>\n\t\t\t\t<div class=\"elementor-element elementor-element-85a2e1b elementor-widget elementor-widget-heading\" data-id=\"85a2e1b\" data-element_type=\"widget\" data-widget_type=\"heading.default\">\n\t\t\t\t<div class=\"elementor-widget-container\">\n\t\t\t\t\t<h2 class=\"elementor-heading-title elementor-size-default\">** END **<\/h2>\t\t\t\t<\/div>\n\t\t\t\t<\/div>\n\t\t\t\t<div class=\"elementor-element elementor-element-3c916b0 elementor-widget elementor-widget-heading\" data-id=\"3c916b0\" data-element_type=\"widget\" data-widget_type=\"heading.default\">\n\t\t\t\t<div class=\"elementor-widget-container\">\n\t\t\t\t\t<h2 class=\"elementor-heading-title elementor-size-default\">About Easyfairs <\/h2>\t\t\t\t<\/div>\n\t\t\t\t<\/div>\n\t\t\t\t<div class=\"elementor-element elementor-element-8806ede elementor-widget elementor-widget-text-editor\" data-id=\"8806ede\" data-element_type=\"widget\" data-widget_type=\"text-editor.default\">\n\t\t\t\t<div class=\"elementor-widget-container\">\n\t\t\t\t\t\t\t\t\t<p>Easyfairs organises and hosts events, bringing communities together to visit the future.<\/p><p>We currently organise 110 market-leading event titles in 12 countries (Algeria, Belgium, Finland, France, Germany, Italy, the Netherlands, Portugal, Spain, Sweden, Switzerland and the United Kingdom) and manage eight event venues in Belgium, the Netherlands and Sweden (Antwerp, Ghent, Mechelen-Brussels North, Namur, Gorinchem, Hardenberg, Malm\u00f6 and Stockholm).<\/p><p>We are passionate about \u201ceasifying\u201d the life of our customers and increasing the return on investment and return on time for professional communities through our all-in formulas, advanced technology and customer-centric approach. Our digital features and initiatives provide these communities with excellent opportunities to network effectively and do business throughout the year.<\/p><p>The Easyfairs Group employs 820 highly committed talents, deploys the best marketing and technology tools and develops brands with a strong appeal to our stakeholder communities.<\/p><p>For the sixth year running, Deloitte conferred \u201cBest Managed Company\u201d status on Easyfairs in 2024.<\/p><p>Easyfairs is proud to be one of the top 20 world\u2019s exhibition organisers, according to the annual STAX ranking.<\/p><p><em>Visit the future<\/em> with Easyfairs and find out more on <a href=\"http:\/\/www.easyfairs.com\"><em>www.easyfairs.com<\/em><\/a><em>\u00a0 <\/em><\/p><p><strong>\u00a0<\/strong><\/p><p><strong>For further information, please contact:<\/strong><\/p><p><strong>Open2Europe PR Agency:\u00a0<\/strong><\/p><p>Emily Glynn | +33 1 55 02 22 97\u00a0<br \/>Camille Iparraguirre | +33 1 55 02 15 29\u00a0<br \/><a href=\"mailto:easyfairs@open2europe.com\">easyfairs@open2europe.com<\/a><strong>\u00a0<\/strong><\/p><p><strong>\u00a0<\/strong><\/p>\t\t\t\t\t\t\t\t<\/div>\n\t\t\t\t<\/div>\n\t\t\t\t<div class=\"elementor-element elementor-element-8b6e140 elementor-align-justify elementor-hidden-desktop elementor-hidden-tablet elementor-hidden-mobile elementor-widget elementor-widget-dynamic-button\" data-id=\"8b6e140\" data-element_type=\"widget\" data-settings=\"{&quot;_animation&quot;:&quot;none&quot;}\" data-widget_type=\"dynamic-button.default\">\n\t\t\t\t<div class=\"elementor-widget-container\">\n\t\t\t\t\t        <div class=\"elementor-button-wrapper\">\n            <a href=\"https:\/\/www.refinery29.com\/en-us\/rem-beauty-wicked-for-good-makeup-products\" target=\"_blank\" class=\"elementor-button-link elementor-button elementor-size-sm elementor-animation-grow\" role=\"button\">\n                        <span class=\"elementor-button-content-wrapper\">\n\t\t\t                <span class=\"elementor-button-icon elementor-align-icon-right\">\n\t\t\t\t<i aria-hidden=\"true\" class=\"fas fa-angle-right\"><\/i>\t\t\t<\/span>\n            \t\t\t<span class=\"elementor-button-text\">READ THE FULL ARTICLE AT REFINERY29<\/span>\n\t\t<\/span>\n                    <\/a>\n        <\/div>\n        \t\t\t\t<\/div>\n\t\t\t\t<\/div>\n\t\t\t\t<div class=\"elementor-element elementor-element-efee721 elementor-icon-list--layout-inline elementor-align-center elementor-tablet-align-center elementor-list-item-link-full_width elementor-widget elementor-widget-icon-list\" data-id=\"efee721\" data-element_type=\"widget\" data-widget_type=\"icon-list.default\">\n\t\t\t\t<div class=\"elementor-widget-container\">\n\t\t\t\t\t\t\t<ul class=\"elementor-icon-list-items elementor-inline-items\">\n\t\t\t\t\t\t\t<li class=\"elementor-icon-list-item elementor-inline-item\">\n\t\t\t\t\t\t\t\t\t\t\t<a href=\"https:\/\/www.facebook.com\/parispackagingweek\" target=\"_blank\">\n\n\t\t\t\t\t\t\t\t\t\t\t\t<span class=\"elementor-icon-list-icon\">\n\t\t\t\t\t\t\t<i aria-hidden=\"true\" class=\"fab fa-facebook-f\"><\/i>\t\t\t\t\t\t<\/span>\n\t\t\t\t\t\t\t\t\t\t<span class=\"elementor-icon-list-text\"><\/span>\n\t\t\t\t\t\t\t\t\t\t\t<\/a>\n\t\t\t\t\t\t\t\t\t<\/li>\n\t\t\t\t\t\t\t\t<li class=\"elementor-icon-list-item elementor-inline-item\">\n\t\t\t\t\t\t\t\t\t\t\t<a href=\"https:\/\/twitter.com\/parispackweek\" target=\"_blank\">\n\n\t\t\t\t\t\t\t\t\t\t\t\t<span class=\"elementor-icon-list-icon\">\n\t\t\t\t\t\t\t<i aria-hidden=\"true\" class=\"fab fa-twitter\"><\/i>\t\t\t\t\t\t<\/span>\n\t\t\t\t\t\t\t\t\t\t<span class=\"elementor-icon-list-text\"><\/span>\n\t\t\t\t\t\t\t\t\t\t\t<\/a>\n\t\t\t\t\t\t\t\t\t<\/li>\n\t\t\t\t\t\t\t\t<li class=\"elementor-icon-list-item elementor-inline-item\">\n\t\t\t\t\t\t\t\t\t\t\t<a href=\"https:\/\/www.linkedin.com\/showcase\/parispackagingweek\" target=\"_blank\">\n\n\t\t\t\t\t\t\t\t\t\t\t\t<span class=\"elementor-icon-list-icon\">\n\t\t\t\t\t\t\t<i aria-hidden=\"true\" class=\"fab fa-linkedin-in\"><\/i>\t\t\t\t\t\t<\/span>\n\t\t\t\t\t\t\t\t\t\t<span class=\"elementor-icon-list-text\"><\/span>\n\t\t\t\t\t\t\t\t\t\t\t<\/a>\n\t\t\t\t\t\t\t\t\t<\/li>\n\t\t\t\t\t\t\t\t<li class=\"elementor-icon-list-item elementor-inline-item\">\n\t\t\t\t\t\t\t\t\t\t\t<a href=\"https:\/\/www.instagram.com\/parispackagingweek\/\" target=\"_blank\">\n\n\t\t\t\t\t\t\t\t\t\t\t\t<span class=\"elementor-icon-list-icon\">\n\t\t\t\t\t\t\t<i aria-hidden=\"true\" class=\"fab fa-instagram\"><\/i>\t\t\t\t\t\t<\/span>\n\t\t\t\t\t\t\t\t\t\t<span class=\"elementor-icon-list-text\"><\/span>\n\t\t\t\t\t\t\t\t\t\t\t<\/a>\n\t\t\t\t\t\t\t\t\t<\/li>\n\t\t\t\t\t\t<\/ul>\n\t\t\t\t\t\t<\/div>\n\t\t\t\t<\/div>\n\t\t\t\t<div class=\"elementor-element elementor-element-403ea04 elementor-widget elementor-widget-heading\" data-id=\"403ea04\" data-element_type=\"widget\" data-widget_type=\"heading.default\">\n\t\t\t\t<div class=\"elementor-widget-container\">\n\t\t\t\t\t<h2 class=\"elementor-heading-title elementor-size-default\">Share this article<\/h2>\t\t\t\t<\/div>\n\t\t\t\t<\/div>\n\t\t\t\t<div class=\"elementor-element elementor-element-52c65bf elementor-share-buttons--view-icon-text elementor-share-buttons--skin-gradient elementor-share-buttons--shape-square elementor-grid-0 elementor-share-buttons--color-official elementor-widget elementor-widget-share-buttons\" data-id=\"52c65bf\" data-element_type=\"widget\" data-widget_type=\"share-buttons.default\">\n\t\t\t\t<div class=\"elementor-widget-container\">\n\t\t\t\t\t\t\t<div class=\"elementor-grid\" role=\"list\">\n\t\t\t\t\t\t\t\t<div class=\"elementor-grid-item\" role=\"listitem\">\n\t\t\t\t\t\t<div class=\"elementor-share-btn elementor-share-btn_facebook\" role=\"button\" tabindex=\"0\" aria-label=\"Share on facebook\">\n\t\t\t\t\t\t\t\t\t\t\t\t\t\t\t<span class=\"elementor-share-btn__icon\">\n\t\t\t\t\t\t\t\t<i class=\"fab fa-facebook\" aria-hidden=\"true\"><\/i>\t\t\t\t\t\t\t<\/span>\n\t\t\t\t\t\t\t\t\t\t\t\t\t\t\t\t\t\t\t\t\t\t<div class=\"elementor-share-btn__text\">\n\t\t\t\t\t\t\t\t\t\t\t\t\t\t\t\t\t\t\t<span class=\"elementor-share-btn__title\">\n\t\t\t\t\t\t\t\t\t\tFacebook\t\t\t\t\t\t\t\t\t<\/span>\n\t\t\t\t\t\t\t\t\t\t\t\t\t\t\t\t\t<\/div>\n\t\t\t\t\t\t\t\t\t\t\t\t\t<\/div>\n\t\t\t\t\t<\/div>\n\t\t\t\t\t\t\t\t\t<div class=\"elementor-grid-item\" role=\"listitem\">\n\t\t\t\t\t\t<div class=\"elementor-share-btn elementor-share-btn_twitter\" role=\"button\" tabindex=\"0\" aria-label=\"Share on twitter\">\n\t\t\t\t\t\t\t\t\t\t\t\t\t\t\t<span class=\"elementor-share-btn__icon\">\n\t\t\t\t\t\t\t\t<i class=\"fab fa-twitter\" aria-hidden=\"true\"><\/i>\t\t\t\t\t\t\t<\/span>\n\t\t\t\t\t\t\t\t\t\t\t\t\t\t\t\t\t\t\t\t\t\t<div class=\"elementor-share-btn__text\">\n\t\t\t\t\t\t\t\t\t\t\t\t\t\t\t\t\t\t\t<span class=\"elementor-share-btn__title\">\n\t\t\t\t\t\t\t\t\t\tTwitter\t\t\t\t\t\t\t\t\t<\/span>\n\t\t\t\t\t\t\t\t\t\t\t\t\t\t\t\t\t<\/div>\n\t\t\t\t\t\t\t\t\t\t\t\t\t<\/div>\n\t\t\t\t\t<\/div>\n\t\t\t\t\t\t\t\t\t<div class=\"elementor-grid-item\" role=\"listitem\">\n\t\t\t\t\t\t<div class=\"elementor-share-btn elementor-share-btn_linkedin\" role=\"button\" tabindex=\"0\" aria-label=\"Share on linkedin\">\n\t\t\t\t\t\t\t\t\t\t\t\t\t\t\t<span class=\"elementor-share-btn__icon\">\n\t\t\t\t\t\t\t\t<i class=\"fab fa-linkedin\" aria-hidden=\"true\"><\/i>\t\t\t\t\t\t\t<\/span>\n\t\t\t\t\t\t\t\t\t\t\t\t\t\t\t\t\t\t\t\t\t\t<div class=\"elementor-share-btn__text\">\n\t\t\t\t\t\t\t\t\t\t\t\t\t\t\t\t\t\t\t<span class=\"elementor-share-btn__title\">\n\t\t\t\t\t\t\t\t\t\tLinkedIn\t\t\t\t\t\t\t\t\t<\/span>\n\t\t\t\t\t\t\t\t\t\t\t\t\t\t\t\t\t<\/div>\n\t\t\t\t\t\t\t\t\t\t\t\t\t<\/div>\n\t\t\t\t\t<\/div>\n\t\t\t\t\t\t<\/div>\n\t\t\t\t\t\t<\/div>\n\t\t\t\t<\/div>\n\t\t\t\t\t<\/div>\n\t\t<\/div>\n\t\t\t\t<div class=\"elementor-column elementor-col-25 elementor-top-column elementor-element elementor-element-8f6aa53\" data-id=\"8f6aa53\" data-element_type=\"column\" data-settings=\"{&quot;background_background&quot;:&quot;classic&quot;}\">\n\t\t\t<div class=\"elementor-widget-wrap elementor-element-populated\">\n\t\t\t\t\t\t<div class=\"elementor-element elementor-element-2e19583 elementor-hidden-tablet elementor-hidden-mobile elementor-hidden-desktop elementor-widget elementor-widget-wp-widget-adsanity-single\" data-id=\"2e19583\" data-element_type=\"widget\" data-settings=\"{&quot;sticky&quot;:&quot;top&quot;,&quot;sticky_offset&quot;:140,&quot;sticky_on&quot;:[&quot;desktop&quot;,&quot;tablet&quot;],&quot;sticky_offset_tablet&quot;:150,&quot;sticky_effects_offset&quot;:0,&quot;sticky_anchor_link_offset&quot;:0}\" data-widget_type=\"wp-widget-adsanity-single.default\">\n\t\t\t\t<div class=\"elementor-widget-container\">\n\t\t\t\t\t\n<div id=\"ad-65633\" class=\"ad-426x249 adsanity-426x249  adsanity-\"\n><div class=\"adsanity-inner\">\n\n<div class=\"adsanity-gati\" data-title=\"Horizontal example\"><a rel=\"nofollow\" href=\"https:\/\/www.parispackagingweek.com\/en\/ads\/horizontal-example\/\"  target=\"_blank\"><img fetchpriority=\"high\" decoding=\"async\" width=\"426\" height=\"249\" src=\"https:\/\/easyfairsassets.com\/sites\/61\/2022\/04\/426-x-249_Yoga.jpg\" class=\"no-lazy-load wp-post-image\" alt=\"\" srcset=\"https:\/\/easyfairsassets.com\/sites\/61\/2022\/04\/426-x-249_Yoga.jpg 426w, https:\/\/easyfairsassets.com\/sites\/61\/2022\/04\/426-x-249_Yoga-300x175.jpg 300w\" sizes=\"(max-width: 426px) 100vw, 426px\" \/><\/a><\/div>\n<\/div><\/div>\n\n\t\t\t\t<\/div>\n\t\t\t\t<\/div>\n\t\t\t\t<div class=\"elementor-element elementor-element-860a842 elementor-widget elementor-widget-theme-post-featured-image elementor-widget-image\" data-id=\"860a842\" data-element_type=\"widget\" data-widget_type=\"theme-post-featured-image.default\">\n\t\t\t\t<div class=\"elementor-widget-container\">\n\t\t\t\t\t\t\t\t\t\t\t\t\t\t\t<img decoding=\"async\" width=\"1800\" height=\"1200\" src=\"https:\/\/easyfairsassets.com\/sites\/61\/2025\/10\/JOB4009W-1606.jpg\" class=\"attachment-full size-full wp-image-487192\" alt=\"Exhibitor interaction PPW25\" srcset=\"https:\/\/easyfairsassets.com\/sites\/61\/2025\/10\/JOB4009W-1606.jpg 1800w, https:\/\/easyfairsassets.com\/sites\/61\/2025\/10\/JOB4009W-1606-300x200.jpg 300w, https:\/\/easyfairsassets.com\/sites\/61\/2025\/10\/JOB4009W-1606-1536x1024.jpg 1536w, https:\/\/easyfairsassets.com\/sites\/61\/2025\/10\/JOB4009W-1606-768x512.jpg 768w\" sizes=\"(max-width: 1800px) 100vw, 1800px\" \/>\t\t\t\t\t\t\t\t\t\t\t\t\t\t\t<\/div>\n\t\t\t\t<\/div>\n\t\t\t\t<div class=\"elementor-element elementor-element-ecb3eaa elementor-hidden-desktop elementor-hidden-tablet elementor-hidden-mobile elementor-widget elementor-widget-text-editor\" data-id=\"ecb3eaa\" data-element_type=\"widget\" data-widget_type=\"text-editor.default\">\n\t\t\t\t<div class=\"elementor-widget-container\">\n\t\t\t\t\t\t\t\t\t<p>Photo de <a href=\"https:\/\/www.securikett.com\/sustainable-security-solutions\/\">Securikett<\/a><\/p>\n\t\t\t\t\t\t\t\t<\/div>\n\t\t\t\t<\/div>\n\t\t\t\t<div class=\"elementor-element elementor-element-aa2e5ad elementor-widget elementor-widget-spacer\" data-id=\"aa2e5ad\" data-element_type=\"widget\" data-widget_type=\"spacer.default\">\n\t\t\t\t<div class=\"elementor-widget-container\">\n\t\t\t\t\t\t\t<div class=\"elementor-spacer\">\n\t\t\t<div class=\"elementor-spacer-inner\"><\/div>\n\t\t<\/div>\n\t\t\t\t\t\t<\/div>\n\t\t\t\t<\/div>\n\t\t\t\t<section class=\"elementor-section elementor-inner-section elementor-element elementor-element-654365c elementor-section-boxed elementor-section-height-default elementor-section-height-default\" data-id=\"654365c\" data-element_type=\"section\">\n\t\t\t\t\t\t<div class=\"elementor-container elementor-column-gap-default\">\n\t\t\t\t\t<div class=\"elementor-column elementor-col-100 elementor-inner-column elementor-element elementor-element-b8ed3c8\" data-id=\"b8ed3c8\" data-element_type=\"column\">\n\t\t\t<div class=\"elementor-widget-wrap elementor-element-populated\">\n\t\t\t\t\t\t<div class=\"elementor-element elementor-element-5b76adf elementor-widget elementor-widget-heading\" data-id=\"5b76adf\" data-element_type=\"widget\" data-widget_type=\"heading.default\">\n\t\t\t\t<div class=\"elementor-widget-container\">\n\t\t\t\t\t<h2 class=\"elementor-heading-title elementor-size-default\">Subscribe to our newsletter<\/h2>\t\t\t\t<\/div>\n\t\t\t\t<\/div>\n\t\t\t\t<div class=\"elementor-element elementor-element-c64cc38 elementor-button-align-stretch elementor-widget elementor-widget-form\" data-id=\"c64cc38\" data-element_type=\"widget\" data-settings=\"{&quot;step_next_label&quot;:&quot;Next&quot;,&quot;step_previous_label&quot;:&quot;Previous&quot;,&quot;button_width&quot;:&quot;100&quot;,&quot;step_type&quot;:&quot;number_text&quot;,&quot;step_icon_shape&quot;:&quot;circle&quot;}\" data-widget_type=\"form.default\">\n\t\t\t\t<div class=\"elementor-widget-container\">\n\t\t\t\t\t\t\t<form class=\"elementor-form\" method=\"post\" name=\"Fruit Newsletters\" aria-label=\"Fruit Newsletters\">\n\t\t\t<input type=\"hidden\" name=\"post_id\" value=\"487189\"\/>\n\t\t\t<input type=\"hidden\" name=\"form_id\" value=\"c64cc38\"\/>\n\t\t\t<input type=\"hidden\" name=\"referer_title\" value=\"\" \/>\n\n\t\t\t\n\t\t\t<div class=\"elementor-form-fields-wrapper elementor-labels-above\">\n\t\t\t\t\t\t\t\t<div class=\"elementor-field-type-text elementor-field-group elementor-column elementor-field-group-Email elementor-col-100 elementor-field-required elementor-mark-required\">\n\t\t\t\t\t\t\t\t\t\t\t\t\t<input size=\"1\" type=\"text\" name=\"form_fields[Email]\" id=\"form-field-Email\" class=\"elementor-field elementor-size-sm  elementor-field-textual\" placeholder=\"Email adcress\" required=\"required\">\n\t\t\t\t\t\t\t\t\t\t\t<\/div>\n\t\t\t\t\t\t\t\t<div class=\"elementor-field-type-recaptcha_v3 elementor-field-group elementor-column elementor-field-group-field_1e34227 elementor-col-100 recaptcha_v3-inline\">\n\t\t\t\t\t<div class=\"elementor-field\" id=\"form-field-field_1e34227\"><div class=\"elementor-g-recaptcha\" data-sitekey=\"6LcRLiMdAAAAAMfz2VLOztX3J4YGX2zjQnrCNW2V\" data-type=\"v3\" data-action=\"Form\" data-badge=\"inline\" data-size=\"invisible\"><\/div><\/div>\t\t\t\t<\/div>\n\t\t\t\t\t\t\t\t<div class=\"elementor-field-group elementor-column elementor-field-type-submit elementor-col-100 e-form__buttons\">\n\t\t\t\t\t<button class=\"elementor-button elementor-size-sm elementor-animation-grow\" type=\"submit\">\n\t\t\t\t\t\t<span class=\"elementor-button-content-wrapper\">\n\t\t\t\t\t\t\t\t\t\t\t\t\t\t\t<span class=\"elementor-button-icon\">\n\t\t\t\t\t\t\t\t\t<i aria-hidden=\"true\" class=\"fas fa-angle-right\"><\/i>\t\t\t\t\t\t\t\t\t\t\t\t\t\t\t\t\t<\/span>\n\t\t\t\t\t\t\t\t\t\t\t\t\t\t\t\t\t\t\t\t\t\t<span class=\"elementor-button-text\">Send<\/span>\n\t\t\t\t\t\t\t\t\t\t\t\t\t<\/span>\n\t\t\t\t\t<\/button>\n\t\t\t\t<\/div>\n\t\t\t<\/div>\n\t\t<\/form>\n\t\t\t\t\t\t<\/div>\n\t\t\t\t<\/div>\n\t\t\t\t\t<\/div>\n\t\t<\/div>\n\t\t\t\t\t<\/div>\n\t\t<\/section>\n\t\t\t\t<div class=\"elementor-element elementor-element-45d6bbf elementor-hidden-desktop elementor-hidden-tablet elementor-hidden-mobile elementor-widget elementor-widget-spacer\" data-id=\"45d6bbf\" data-element_type=\"widget\" data-widget_type=\"spacer.default\">\n\t\t\t\t<div class=\"elementor-widget-container\">\n\t\t\t\t\t\t\t<div class=\"elementor-spacer\">\n\t\t\t<div class=\"elementor-spacer-inner\"><\/div>\n\t\t<\/div>\n\t\t\t\t\t\t<\/div>\n\t\t\t\t<\/div>\n\t\t\t\t<div class=\"elementor-element elementor-element-a188940 elementor-widget elementor-widget-heading\" data-id=\"a188940\" data-element_type=\"widget\" data-widget_type=\"heading.default\">\n\t\t\t\t<div class=\"elementor-widget-container\">\n\t\t\t\t\t<h2 class=\"elementor-heading-title elementor-size-default\">The latest articles from Paris Packaging Week<\/h2>\t\t\t\t<\/div>\n\t\t\t\t<\/div>\n\t\t\t\t<div class=\"elementor-element elementor-element-607271b elementor-posts--align-left elementor-grid-2 elementor-grid-tablet-1 elementor-grid-mobile-1 elementor-posts--thumbnail-top elementor-widget elementor-widget-posts\" data-id=\"607271b\" data-element_type=\"widget\" data-settings=\"{&quot;classic_row_gap&quot;:{&quot;unit&quot;:&quot;px&quot;,&quot;size&quot;:&quot;49&quot;,&quot;sizes&quot;:[]},&quot;classic_columns&quot;:&quot;2&quot;,&quot;classic_columns_tablet&quot;:&quot;1&quot;,&quot;classic_row_gap_tablet&quot;:{&quot;unit&quot;:&quot;px&quot;,&quot;size&quot;:20,&quot;sizes&quot;:[]},&quot;classic_columns_mobile&quot;:&quot;1&quot;,&quot;classic_row_gap_mobile&quot;:{&quot;unit&quot;:&quot;px&quot;,&quot;size&quot;:&quot;&quot;,&quot;sizes&quot;:[]}}\" data-widget_type=\"posts.classic\">\n\t\t\t\t<div class=\"elementor-widget-container\">\n\t\t\t\t\t\t\t<div class=\"elementor-posts-container elementor-posts elementor-posts--skin-classic elementor-grid\" role=\"list\">\n\t\t\t\t<article class=\"elementor-post elementor-grid-item post-500071 post type-post status-publish format-standard has-post-thumbnail hentry category-design-2 category-innovation-2 category-luxury-2 category-trends-2\" role=\"listitem\">\n\t\t\t\t<a class=\"elementor-post__thumbnail__link\" href=\"https:\/\/www.parispackagingweek.com\/en\/2026\/04\/28\/aptar-partners-with-clarins-on-a-bespoke-packaging-solution-for-the-double-serum-foundation\/\" tabindex=\"-1\" >\n\t\t\t<div class=\"elementor-post__thumbnail\"><img decoding=\"async\" width=\"1200\" height=\"626\" src=\"https:\/\/easyfairsassets.com\/sites\/61\/2026\/04\/Article-website-Clarins-Double-Serum-Foundation.png\" class=\"attachment-full size-full wp-image-500063\" alt=\"Clarins Double Serum Foundation\" srcset=\"https:\/\/easyfairsassets.com\/sites\/61\/2026\/04\/Article-website-Clarins-Double-Serum-Foundation.png 1200w, https:\/\/easyfairsassets.com\/sites\/61\/2026\/04\/Article-website-Clarins-Double-Serum-Foundation-300x157.png 300w, https:\/\/easyfairsassets.com\/sites\/61\/2026\/04\/Article-website-Clarins-Double-Serum-Foundation-768x401.png 768w\" sizes=\"(max-width: 1200px) 100vw, 1200px\" \/><\/div>\n\t\t<\/a>\n\t\t\t\t<div class=\"elementor-post__text\">\n\t\t\t\t<h3 class=\"elementor-post__title\">\n\t\t\t<a href=\"https:\/\/www.parispackagingweek.com\/en\/2026\/04\/28\/aptar-partners-with-clarins-on-a-bespoke-packaging-solution-for-the-double-serum-foundation\/\" >\n\t\t\t\tAptar partners with Clarins on a bespoke packaging solution for the Double Serum Foundation\t\t\t<\/a>\n\t\t<\/h3>\n\t\t\t\t<\/div>\n\t\t\t\t<\/article>\n\t\t\t\t<article class=\"elementor-post elementor-grid-item post-500031 post type-post status-publish format-standard has-post-thumbnail hentry category-drinks-en category-innovation-en category-luxury-en category-trends-en\" role=\"listitem\">\n\t\t\t\t<a class=\"elementor-post__thumbnail__link\" href=\"https:\/\/www.parispackagingweek.com\/en\/2026\/04\/28\/the-new-captain-morgan-sliced-pack-is-now-available-in-ready-to-drink-cans\/\" tabindex=\"-1\" >\n\t\t\t<div class=\"elementor-post__thumbnail\"><img loading=\"lazy\" decoding=\"async\" width=\"1200\" height=\"626\" src=\"https:\/\/easyfairsassets.com\/sites\/61\/2026\/04\/Article-visual-2.png\" class=\"attachment-full size-full wp-image-500020\" alt=\"\" srcset=\"https:\/\/easyfairsassets.com\/sites\/61\/2026\/04\/Article-visual-2.png 1200w, https:\/\/easyfairsassets.com\/sites\/61\/2026\/04\/Article-visual-2-300x157.png 300w, https:\/\/easyfairsassets.com\/sites\/61\/2026\/04\/Article-visual-2-768x401.png 768w\" sizes=\"(max-width: 1200px) 100vw, 1200px\" \/><\/div>\n\t\t<\/a>\n\t\t\t\t<div class=\"elementor-post__text\">\n\t\t\t\t<h3 class=\"elementor-post__title\">\n\t\t\t<a href=\"https:\/\/www.parispackagingweek.com\/en\/2026\/04\/28\/the-new-captain-morgan-sliced-pack-is-now-available-in-ready-to-drink-cans\/\" >\n\t\t\t\tThe new Captain Morgan Sliced pack is now available in ready-to-drink cans\t\t\t<\/a>\n\t\t<\/h3>\n\t\t\t\t<\/div>\n\t\t\t\t<\/article>\n\t\t\t\t<article class=\"elementor-post elementor-grid-item post-500046 post type-post status-publish format-standard has-post-thumbnail hentry category-beauty-en category-design-en category-innovation-en category-luxury-en category-trends-en\" role=\"listitem\">\n\t\t\t\t<a class=\"elementor-post__thumbnail__link\" href=\"https:\/\/www.parispackagingweek.com\/en\/2026\/04\/23\/quadpack-unveils-lotus-pod-the-next-generation-cooling-effect-applicator\/\" tabindex=\"-1\" >\n\t\t\t<div class=\"elementor-post__thumbnail\"><img loading=\"lazy\" decoding=\"async\" width=\"1200\" height=\"626\" src=\"https:\/\/easyfairsassets.com\/sites\/61\/2026\/04\/Article-website-Quadpack-Lotus-Pod.png\" class=\"attachment-full size-full wp-image-500030\" alt=\"Quadpack Lotus Pod\" srcset=\"https:\/\/easyfairsassets.com\/sites\/61\/2026\/04\/Article-website-Quadpack-Lotus-Pod.png 1200w, https:\/\/easyfairsassets.com\/sites\/61\/2026\/04\/Article-website-Quadpack-Lotus-Pod-300x157.png 300w, https:\/\/easyfairsassets.com\/sites\/61\/2026\/04\/Article-website-Quadpack-Lotus-Pod-768x401.png 768w\" sizes=\"(max-width: 1200px) 100vw, 1200px\" \/><\/div>\n\t\t<\/a>\n\t\t\t\t<div class=\"elementor-post__text\">\n\t\t\t\t<h3 class=\"elementor-post__title\">\n\t\t\t<a href=\"https:\/\/www.parispackagingweek.com\/en\/2026\/04\/23\/quadpack-unveils-lotus-pod-the-next-generation-cooling-effect-applicator\/\" >\n\t\t\t\tQuadpack unveils Lotus Pod, the next-generation cooling-effect applicator\t\t\t<\/a>\n\t\t<\/h3>\n\t\t\t\t<\/div>\n\t\t\t\t<\/article>\n\t\t\t\t<article class=\"elementor-post elementor-grid-item post-500013 post type-post status-publish format-standard has-post-thumbnail hentry category-drinks-en category-innovation-en category-luxury-en category-trends-en\" role=\"listitem\">\n\t\t\t\t<a class=\"elementor-post__thumbnail__link\" href=\"https:\/\/www.parispackagingweek.com\/en\/2026\/04\/22\/remy-cointreau-updates-metaxa-look\/\" tabindex=\"-1\" >\n\t\t\t<div class=\"elementor-post__thumbnail\"><img loading=\"lazy\" decoding=\"async\" width=\"1200\" height=\"626\" src=\"https:\/\/easyfairsassets.com\/sites\/61\/2026\/04\/Untitled-1.png\" class=\"attachment-full size-full wp-image-500000\" alt=\"\" srcset=\"https:\/\/easyfairsassets.com\/sites\/61\/2026\/04\/Untitled-1.png 1200w, https:\/\/easyfairsassets.com\/sites\/61\/2026\/04\/Untitled-1-300x157.png 300w, https:\/\/easyfairsassets.com\/sites\/61\/2026\/04\/Untitled-1-768x401.png 768w\" sizes=\"(max-width: 1200px) 100vw, 1200px\" \/><\/div>\n\t\t<\/a>\n\t\t\t\t<div class=\"elementor-post__text\">\n\t\t\t\t<h3 class=\"elementor-post__title\">\n\t\t\t<a href=\"https:\/\/www.parispackagingweek.com\/en\/2026\/04\/22\/remy-cointreau-updates-metaxa-look\/\" >\n\t\t\t\tR\u00e9my Cointreau updates Metaxa look\t\t\t<\/a>\n\t\t<\/h3>\n\t\t\t\t<\/div>\n\t\t\t\t<\/article>\n\t\t\t\t<article class=\"elementor-post elementor-grid-item post-499966 post type-post status-publish format-standard has-post-thumbnail hentry category-drinks-en category-innovation-en category-luxury-en category-trends-en\" role=\"listitem\">\n\t\t\t\t<a class=\"elementor-post__thumbnail__link\" href=\"https:\/\/www.parispackagingweek.com\/en\/2026\/04\/16\/from-handcrafted-to-heritage-how-spirits-are-mining-new-design-trends\/\" tabindex=\"-1\" >\n\t\t\t<div class=\"elementor-post__thumbnail\"><img loading=\"lazy\" decoding=\"async\" width=\"1200\" height=\"626\" src=\"https:\/\/easyfairsassets.com\/sites\/61\/2026\/04\/Untitled-2.png\" class=\"attachment-full size-full wp-image-499935\" alt=\"\" srcset=\"https:\/\/easyfairsassets.com\/sites\/61\/2026\/04\/Untitled-2.png 1200w, https:\/\/easyfairsassets.com\/sites\/61\/2026\/04\/Untitled-2-300x157.png 300w, https:\/\/easyfairsassets.com\/sites\/61\/2026\/04\/Untitled-2-768x401.png 768w\" sizes=\"(max-width: 1200px) 100vw, 1200px\" \/><\/div>\n\t\t<\/a>\n\t\t\t\t<div class=\"elementor-post__text\">\n\t\t\t\t<h3 class=\"elementor-post__title\">\n\t\t\t<a href=\"https:\/\/www.parispackagingweek.com\/en\/2026\/04\/16\/from-handcrafted-to-heritage-how-spirits-are-mining-new-design-trends\/\" >\n\t\t\t\tFrom handcrafted to heritage, how spirits are mining new design trends\t\t\t<\/a>\n\t\t<\/h3>\n\t\t\t\t<\/div>\n\t\t\t\t<\/article>\n\t\t\t\t<article class=\"elementor-post elementor-grid-item post-499952 post type-post status-publish format-standard has-post-thumbnail hentry category-drinks-en category-innovation-en category-luxury-en category-trends-en\" role=\"listitem\">\n\t\t\t\t<a class=\"elementor-post__thumbnail__link\" href=\"https:\/\/www.parispackagingweek.com\/en\/2026\/04\/16\/saint-james-rings-in-260th-birthday-with-elegance-a-limited-edition-rum\/\" tabindex=\"-1\" >\n\t\t\t<div class=\"elementor-post__thumbnail\"><img loading=\"lazy\" decoding=\"async\" width=\"1200\" height=\"626\" src=\"https:\/\/easyfairsassets.com\/sites\/61\/2026\/04\/Untitled.png\" class=\"attachment-full size-full wp-image-499924\" alt=\"\" srcset=\"https:\/\/easyfairsassets.com\/sites\/61\/2026\/04\/Untitled.png 1200w, https:\/\/easyfairsassets.com\/sites\/61\/2026\/04\/Untitled-300x157.png 300w, https:\/\/easyfairsassets.com\/sites\/61\/2026\/04\/Untitled-768x401.png 768w\" sizes=\"(max-width: 1200px) 100vw, 1200px\" \/><\/div>\n\t\t<\/a>\n\t\t\t\t<div class=\"elementor-post__text\">\n\t\t\t\t<h3 class=\"elementor-post__title\">\n\t\t\t<a href=\"https:\/\/www.parispackagingweek.com\/en\/2026\/04\/16\/saint-james-rings-in-260th-birthday-with-elegance-a-limited-edition-rum\/\" >\n\t\t\t\tSaint James rings in 260th birthday with El\u00e9gance, a limited-edition rum\t\t\t<\/a>\n\t\t<\/h3>\n\t\t\t\t<\/div>\n\t\t\t\t<\/article>\n\t\t\t\t<article class=\"elementor-post elementor-grid-item post-499940 post type-post status-publish format-standard has-post-thumbnail hentry category-beauty-en category-design-en category-luxury-en category-trends-en\" role=\"listitem\">\n\t\t\t\t<a class=\"elementor-post__thumbnail__link\" href=\"https:\/\/www.parispackagingweek.com\/en\/2026\/04\/16\/a-signature-dior-bag-becomes-the-inspiration-for-a-new-fragrance\/\" tabindex=\"-1\" >\n\t\t\t<div class=\"elementor-post__thumbnail\"><img loading=\"lazy\" decoding=\"async\" width=\"1200\" height=\"626\" src=\"https:\/\/easyfairsassets.com\/sites\/61\/2026\/04\/Article-website-Dior-Cuir-Saddle-Parfum.png\" class=\"attachment-full size-full wp-image-499930\" alt=\"Dior Cuir Saddle Parfum\" srcset=\"https:\/\/easyfairsassets.com\/sites\/61\/2026\/04\/Article-website-Dior-Cuir-Saddle-Parfum.png 1200w, https:\/\/easyfairsassets.com\/sites\/61\/2026\/04\/Article-website-Dior-Cuir-Saddle-Parfum-300x157.png 300w, https:\/\/easyfairsassets.com\/sites\/61\/2026\/04\/Article-website-Dior-Cuir-Saddle-Parfum-768x401.png 768w\" sizes=\"(max-width: 1200px) 100vw, 1200px\" \/><\/div>\n\t\t<\/a>\n\t\t\t\t<div class=\"elementor-post__text\">\n\t\t\t\t<h3 class=\"elementor-post__title\">\n\t\t\t<a href=\"https:\/\/www.parispackagingweek.com\/en\/2026\/04\/16\/a-signature-dior-bag-becomes-the-inspiration-for-a-new-fragrance\/\" >\n\t\t\t\tA signature Dior bag becomes the inspiration for a new fragrance\t\t\t<\/a>\n\t\t<\/h3>\n\t\t\t\t<\/div>\n\t\t\t\t<\/article>\n\t\t\t\t<article class=\"elementor-post elementor-grid-item post-499886 post type-post status-publish format-standard has-post-thumbnail hentry category-aerosols-dispensing category-aerosols-dispensing-en category-design-en\" role=\"listitem\">\n\t\t\t\t<a class=\"elementor-post__thumbnail__link\" href=\"https:\/\/www.parispackagingweek.com\/en\/2026\/04\/16\/kiss-colors-care-unveils-new-aerosol-range-for-textured-hair\/\" tabindex=\"-1\" >\n\t\t\t<div class=\"elementor-post__thumbnail\"><img loading=\"lazy\" decoding=\"async\" width=\"1200\" height=\"626\" src=\"https:\/\/easyfairsassets.com\/sites\/61\/2026\/04\/Kiss-colors.png\" class=\"attachment-full size-full wp-image-499890\" alt=\"Paris Packaging Week | KISS Colors &amp; Care unveils new aerosol range for textured hair\" srcset=\"https:\/\/easyfairsassets.com\/sites\/61\/2026\/04\/Kiss-colors.png 1200w, https:\/\/easyfairsassets.com\/sites\/61\/2026\/04\/Kiss-colors-300x157.png 300w, https:\/\/easyfairsassets.com\/sites\/61\/2026\/04\/Kiss-colors-768x401.png 768w\" sizes=\"(max-width: 1200px) 100vw, 1200px\" \/><\/div>\n\t\t<\/a>\n\t\t\t\t<div class=\"elementor-post__text\">\n\t\t\t\t<h3 class=\"elementor-post__title\">\n\t\t\t<a href=\"https:\/\/www.parispackagingweek.com\/en\/2026\/04\/16\/kiss-colors-care-unveils-new-aerosol-range-for-textured-hair\/\" >\n\t\t\t\tKISS Colors &#038; Care unveils new aerosol range for textured hair\t\t\t<\/a>\n\t\t<\/h3>\n\t\t\t\t<\/div>\n\t\t\t\t<\/article>\n\t\t\t\t<\/div>\n\t\t\n\t\t\t\t\t\t<\/div>\n\t\t\t\t<\/div>\n\t\t\t\t<div class=\"elementor-element elementor-element-60377b9 elementor-align-justify elementor-widget elementor-widget-dynamic-button\" data-id=\"60377b9\" data-element_type=\"widget\" data-settings=\"{&quot;_animation&quot;:&quot;none&quot;}\" data-widget_type=\"dynamic-button.default\">\n\t\t\t\t<div class=\"elementor-widget-container\">\n\t\t\t\t\t        <div class=\"elementor-button-wrapper\">\n            <a href=\"https:\/\/www.parispackagingweek.com\/fr\/newsletter\/\" class=\"elementor-button-link elementor-button elementor-size-sm elementor-animation-grow\" role=\"button\">\n                        <span class=\"elementor-button-content-wrapper\">\n\t\t\t                <span class=\"elementor-button-icon elementor-align-icon-right\">\n\t\t\t\t<i aria-hidden=\"true\" class=\"fas fa-angle-right\"><\/i>\t\t\t<\/span>\n            \t\t\t<span class=\"elementor-button-text\">Subscribe to our newsletter<\/span>\n\t\t<\/span>\n                    <\/a>\n        <\/div>\n        \t\t\t\t<\/div>\n\t\t\t\t<\/div>\n\t\t\t\t\t<\/div>\n\t\t<\/div>\n\t\t\t\t<div class=\"elementor-column elementor-col-25 elementor-top-column elementor-element elementor-element-5e0c966\" data-id=\"5e0c966\" data-element_type=\"column\">\n\t\t\t<div class=\"elementor-widget-wrap\">\n\t\t\t\t\t\t\t<\/div>\n\t\t<\/div>\n\t\t\t\t\t<\/div>\n\t\t<\/section>\n\t\t\t\t<\/div>\n\t\t","protected":false},"excerpt":{"rendered":"<p>Paris, 28 October 2025 \u2013 The packaging world will gather in Paris on 5 and 6 February, as more<\/p>\n","protected":false},"author":157,"featured_media":487192,"comment_status":"closed","ping_status":"open","sticky":false,"template":"","format":"standard","meta":{"_seopress_robots_primary_cat":"none","_seopress_titles_title":"Press release | Innovation takes centre stage at Paris Packaging Week 2026","_seopress_titles_desc":"The packaging world will gather in Paris on 5 and 6 February, as more than 900 exhibitors \u2013 including Kurz, Heinz, Gainerie Moderne and Arcelor Mittal \u2013 take over Hall 1 at Paris Expo Porte de Versailles. The vast space will be transformed into a showcase of the latest trends and innovations shaping the future of packaging.","_seopress_robots_index":"","footnotes":""},"categories":[471,104,122,396,395,123,422,111,394,138],"tags":[],"edition":[],"class_list":["post-487189","post","type-post","status-publish","format-standard","has-post-thumbnail","hentry","category-aerosols-dispensing-en","category-aerosols-dispensing","category-beauty-en","category-business-en","category-design-en","category-drinks-en","category-event-news-en","category-event-news","category-innovation-en","category-luxury-en"],"_links":{"self":[{"href":"https:\/\/www.parispackagingweek.com\/en\/wp-json\/wp\/v2\/posts\/487189","targetHints":{"allow":["GET"]}}],"collection":[{"href":"https:\/\/www.parispackagingweek.com\/en\/wp-json\/wp\/v2\/posts"}],"about":[{"href":"https:\/\/www.parispackagingweek.com\/en\/wp-json\/wp\/v2\/types\/post"}],"author":[{"embeddable":true,"href":"https:\/\/www.parispackagingweek.com\/en\/wp-json\/wp\/v2\/users\/157"}],"replies":[{"embeddable":true,"href":"https:\/\/www.parispackagingweek.com\/en\/wp-json\/wp\/v2\/comments?post=487189"}],"version-history":[{"count":5,"href":"https:\/\/www.parispackagingweek.com\/en\/wp-json\/wp\/v2\/posts\/487189\/revisions"}],"predecessor-version":[{"id":487202,"href":"https:\/\/www.parispackagingweek.com\/en\/wp-json\/wp\/v2\/posts\/487189\/revisions\/487202"}],"wp:featuredmedia":[{"embeddable":true,"href":"https:\/\/www.parispackagingweek.com\/en\/wp-json\/wp\/v2\/media\/487192"}],"wp:attachment":[{"href":"https:\/\/www.parispackagingweek.com\/en\/wp-json\/wp\/v2\/media?parent=487189"}],"wp:term":[{"taxonomy":"category","embeddable":true,"href":"https:\/\/www.parispackagingweek.com\/en\/wp-json\/wp\/v2\/categories?post=487189"},{"taxonomy":"post_tag","embeddable":true,"href":"https:\/\/www.parispackagingweek.com\/en\/wp-json\/wp\/v2\/tags?post=487189"},{"taxonomy":"edition","embeddable":true,"href":"https:\/\/www.parispackagingweek.com\/en\/wp-json\/wp\/v2\/edition?post=487189"}],"curies":[{"name":"wp","href":"https:\/\/api.w.org\/{rel}","templated":true}]}}