{"id":213191,"date":"2022-11-29T16:12:03","date_gmt":"2022-11-29T15:12:03","guid":{"rendered":"https:\/\/www.parispackagingweek.com\/?p=213191"},"modified":"2022-11-30T10:46:59","modified_gmt":"2022-11-30T09:46:59","slug":"loreal-lvmh-chanel-pernod-ricard-voici-qui-vous-pouvez-rencontrer-a-la-paris-packaging-week-2023-et-comment","status":"publish","type":"post","link":"https:\/\/www.parispackagingweek.com\/fr\/2022\/11\/29\/loreal-lvmh-chanel-pernod-ricard-voici-qui-vous-pouvez-rencontrer-a-la-paris-packaging-week-2023-et-comment\/","title":{"rendered":"L&rsquo;Or\u00e9al, LVMH, Chanel, Pernod Ricard&#8230; Voici qui vous pouvez rencontrer \u00e0 la Paris Packaging Week 2023 et comment"},"content":{"rendered":"\t\t<div data-elementor-type=\"wp-post\" data-elementor-id=\"213191\" class=\"elementor elementor-213191\" data-elementor-post-type=\"post\">\n\t\t\t\t\t\t<section class=\"elementor-section elementor-top-section elementor-element elementor-element-4bced76 elementor-section-full_width elementor-section-height-default elementor-section-height-default\" data-id=\"4bced76\" data-element_type=\"section\" data-settings=\"{&quot;background_background&quot;:&quot;classic&quot;}\">\n\t\t\t\t\t\t<div class=\"elementor-container elementor-column-gap-custom\">\n\t\t\t\t\t<div class=\"elementor-column elementor-col-100 elementor-top-column elementor-element elementor-element-069ee59\" data-id=\"069ee59\" data-element_type=\"column\">\n\t\t\t<div class=\"elementor-widget-wrap elementor-element-populated\">\n\t\t\t\t\t\t<div class=\"elementor-element elementor-element-86fa239 elementor-widget elementor-widget-theme-post-title elementor-page-title elementor-widget-heading\" data-id=\"86fa239\" data-element_type=\"widget\" data-widget_type=\"theme-post-title.default\">\n\t\t\t\t<div class=\"elementor-widget-container\">\n\t\t\t\t\t<h1 class=\"elementor-heading-title elementor-size-default\">L&rsquo;Or\u00e9al, LVMH, Chanel, Pernod Ricard&#8230; Voici qui vous pouvez rencontrer \u00e0 la Paris Packaging Week 2023 et comment<\/h1>\t\t\t\t<\/div>\n\t\t\t\t<\/div>\n\t\t\t\t<section class=\"elementor-section elementor-inner-section elementor-element elementor-element-bfc01b2 elementor-section-full_width elementor-section-height-default elementor-section-height-default\" data-id=\"bfc01b2\" data-element_type=\"section\">\n\t\t\t\t\t\t<div class=\"elementor-container elementor-column-gap-default\">\n\t\t\t\t\t<div class=\"elementor-column elementor-col-50 elementor-inner-column elementor-element elementor-element-6c53fa0\" data-id=\"6c53fa0\" data-element_type=\"column\" data-settings=\"{&quot;background_background&quot;:&quot;classic&quot;}\">\n\t\t\t<div class=\"elementor-widget-wrap elementor-element-populated\">\n\t\t\t\t\t\t<div class=\"elementor-element elementor-element-3a57d4c elementor-widget elementor-widget-post-info\" data-id=\"3a57d4c\" data-element_type=\"widget\" data-widget_type=\"post-info.default\">\n\t\t\t\t<div class=\"elementor-widget-container\">\n\t\t\t\t\t\t\t<ul class=\"elementor-icon-list-items elementor-post-info\">\n\t\t\t\t\t\t\t\t<li class=\"elementor-icon-list-item elementor-repeater-item-bdf8f56\" itemprop=\"datePublished\">\n\t\t\t\t\t\t<a href=\"https:\/\/www.parispackagingweek.com\/fr\/2022\/11\/29\/\">\n\t\t\t\t\t\t\t\t\t\t\t\t\t\t<span class=\"elementor-icon-list-text elementor-post-info__item elementor-post-info__item--type-date\">\n\t\t\t\t\t\t\t\t\t\t<time>novembre 29, 2022<\/time>\t\t\t\t\t<\/span>\n\t\t\t\t\t\t\t\t\t<\/a>\n\t\t\t\t<\/li>\n\t\t\t\t<\/ul>\n\t\t\t\t\t\t<\/div>\n\t\t\t\t<\/div>\n\t\t\t\t<div class=\"elementor-element elementor-element-1fa6769 elementor-widget elementor-widget-text-editor\" data-id=\"1fa6769\" data-element_type=\"widget\" data-widget_type=\"text-editor.default\">\n\t\t\t\t<div class=\"elementor-widget-container\">\n\t\t\t\t\t\t\t\t\t<p>Innovez aux c\u00f4t\u00e9s des plus grandes marques de beaut\u00e9, d&rsquo;a\u00e9rosols, de boissons premium et de luxe au monde lors de l&rsquo;\u00e9v\u00e9nement phare de l&rsquo;innovation en mati\u00e8re d&#8217;emballage, \u00e0 Paris.<\/p>\t\t\t\t\t\t\t\t<\/div>\n\t\t\t\t<\/div>\n\t\t\t\t<div class=\"elementor-element elementor-element-85e57a4 elementor-widget elementor-widget-text-editor\" data-id=\"85e57a4\" data-element_type=\"widget\" data-widget_type=\"text-editor.default\">\n\t\t\t\t<div class=\"elementor-widget-container\">\n\t\t\t\t\t\t\t\t\t<p>Vous souhaitez en savoir plus sur les visiteurs que vous rencontrerez lors du plus&nbsp;<b>grand<\/b>&nbsp;<b>\u00e9v\u00e9nement d&rsquo;innovation packaging de produits d&#8217;emabllage&nbsp;<\/b>?&nbsp;Et bien voici quelques informations :<\/p>\n<ul>\n<li>20% de nos visiteurs sont des cadres sup\u00e9rieurs et des dirigeants; 20% sont des sp\u00e9cialistes de la R&amp;D; 17% sont des sp\u00e9cialistes de l&#8217;emballage; 15% sont des sp\u00e9cialistes du marketing et du design; et 13% sont des sp\u00e9cialistes des achats et de l&rsquo;approvisionnement<\/li>\n<li>Les principaux pays d&rsquo;origine des visiteurs sont la France, l&rsquo;Espagne, l&rsquo;Allemagne, le Royaume-Uni, l&rsquo;Italie et les Pays-Bas<\/li>\n<li>Principales industries repr\u00e9sent\u00e9es sont les parfums, les cosm\u00e9tiques, les soins, l&rsquo;automobile et l&rsquo;industrie, les produits d&rsquo;entretiens, la mode, la joaillerie, l&rsquo;\u00e9picerie fine, les vins, les spiritueux et les liqueurs<\/li>\n<\/ul>\t\t\t\t\t\t\t\t<\/div>\n\t\t\t\t<\/div>\n\t\t\t\t<div class=\"elementor-element elementor-element-4dd4834 elementor-widget elementor-widget-text-editor\" data-id=\"4dd4834\" data-element_type=\"widget\" data-widget_type=\"text-editor.default\">\n\t\t\t\t<div class=\"elementor-widget-container\">\n\t\t\t\t\t\t\t\t\t<p>Marques pr\u00e9sentes \u00e0 la Paris Packaging Week 2023 :<\/p>\t\t\t\t\t\t\t\t<\/div>\n\t\t\t\t<\/div>\n\t\t\t\t<div class=\"elementor-element elementor-element-82b1b52 elementor-widget elementor-widget-image\" data-id=\"82b1b52\" data-element_type=\"widget\" data-widget_type=\"image.default\">\n\t\t\t\t<div class=\"elementor-widget-container\">\n\t\t\t\t\t\t\t\t\t\t\t\t\t\t\t<img fetchpriority=\"high\" decoding=\"async\" width=\"800\" height=\"419\" src=\"https:\/\/easyfairsassets.com\/sites\/61\/2022\/11\/MicrosoftTeams-image-7.png\" class=\"attachment-large size-large wp-image-213268\" alt=\"Brands attending logo wall\" srcset=\"https:\/\/easyfairsassets.com\/sites\/61\/2022\/11\/MicrosoftTeams-image-7.png 1200w, https:\/\/easyfairsassets.com\/sites\/61\/2022\/11\/MicrosoftTeams-image-7-300x157.png 300w, https:\/\/easyfairsassets.com\/sites\/61\/2022\/11\/MicrosoftTeams-image-7-768x402.png 768w\" sizes=\"(max-width: 800px) 100vw, 800px\" \/>\t\t\t\t\t\t\t\t\t\t\t\t\t\t\t<\/div>\n\t\t\t\t<\/div>\n\t\t\t\t<div class=\"elementor-element elementor-element-82990d7 elementor-widget elementor-widget-text-editor\" data-id=\"82990d7\" data-element_type=\"widget\" data-widget_type=\"text-editor.default\">\n\t\t\t\t<div class=\"elementor-widget-container\">\n\t\t\t\t\t\t\t\t\t<p>\u00c0 la Paris Packaging Week, il s&rsquo;agit de nouer des liens, d&rsquo;apprendre des nouveaut\u00e9s, de se sentir inspir\u00e9 et, surtout, d&rsquo;investir dans l&rsquo;avenir de votre marque. Et nous avons fait en sorte qu&rsquo;il soit facile pour nos 10 000 participants de trouver la personne, le produit et l&rsquo;inspiration pour les futurs projets d&rsquo;innovation en mati\u00e8re d&#8217;emballage.<\/p>\t\t\t\t\t\t\t\t<\/div>\n\t\t\t\t<\/div>\n\t\t\t\t<div class=\"elementor-element elementor-element-717443b elementor-widget elementor-widget-image\" data-id=\"717443b\" data-element_type=\"widget\" data-widget_type=\"image.default\">\n\t\t\t\t<div class=\"elementor-widget-container\">\n\t\t\t\t\t\t\t\t\t\t\t\t\t\t\t<img decoding=\"async\" width=\"800\" height=\"533\" src=\"https:\/\/easyfairsassets.com\/sites\/61\/2022\/11\/JOB3463W-437.jpg\" class=\"attachment-large size-large wp-image-213604\" alt=\"Exhibitor interactions\" srcset=\"https:\/\/easyfairsassets.com\/sites\/61\/2022\/11\/JOB3463W-437.jpg 1500w, https:\/\/easyfairsassets.com\/sites\/61\/2022\/11\/JOB3463W-437-300x200.jpg 300w, https:\/\/easyfairsassets.com\/sites\/61\/2022\/11\/JOB3463W-437-768x512.jpg 768w\" sizes=\"(max-width: 800px) 100vw, 800px\" \/>\t\t\t\t\t\t\t\t\t\t\t\t\t\t\t<\/div>\n\t\t\t\t<\/div>\n\t\t\t\t<div class=\"elementor-element elementor-element-98753eb elementor-widget elementor-widget-text-editor\" data-id=\"98753eb\" data-element_type=\"widget\" data-widget_type=\"text-editor.default\">\n\t\t\t\t<div class=\"elementor-widget-container\">\n\t\t\t\t\t\t\t\t\t<p><b>Soyez innovant<br \/>\u00a0<\/b><br \/>D\u00e9marquez-vous par votre cr\u00e9ativit\u00e9 et votre originalit\u00e9. Comment ? Visitez nos galeries d&rsquo;innovation et participez \u00e0 nos \u00e9co-tours pour avoir un aper\u00e7u des mat\u00e9riaux et des designs qui peuvent vous aider \u00e0 atteindre vos objectifs d&rsquo;innovation.\u00a0<\/p>\t\t\t\t\t\t\t\t<\/div>\n\t\t\t\t<\/div>\n\t\t\t\t<div class=\"elementor-element elementor-element-c4b2f0e elementor-widget elementor-widget-image\" data-id=\"c4b2f0e\" data-element_type=\"widget\" data-widget_type=\"image.default\">\n\t\t\t\t<div class=\"elementor-widget-container\">\n\t\t\t\t\t\t\t\t\t\t\t\t\t\t\t<img decoding=\"async\" width=\"800\" height=\"533\" src=\"https:\/\/easyfairsassets.com\/sites\/61\/2022\/11\/JOB3463W-148.jpg\" class=\"attachment-large size-large wp-image-213608\" alt=\"Products\" srcset=\"https:\/\/easyfairsassets.com\/sites\/61\/2022\/11\/JOB3463W-148.jpg 1500w, https:\/\/easyfairsassets.com\/sites\/61\/2022\/11\/JOB3463W-148-300x200.jpg 300w, https:\/\/easyfairsassets.com\/sites\/61\/2022\/11\/JOB3463W-148-768x512.jpg 768w\" sizes=\"(max-width: 800px) 100vw, 800px\" \/>\t\t\t\t\t\t\t\t\t\t\t\t\t\t\t<\/div>\n\t\t\t\t<\/div>\n\t\t\t\t<div class=\"elementor-element elementor-element-5693bf3 elementor-widget elementor-widget-text-editor\" data-id=\"5693bf3\" data-element_type=\"widget\" data-widget_type=\"text-editor.default\">\n\t\t\t\t<div class=\"elementor-widget-container\">\n\t\t\t\t\t\t\t\t\t<p><b>Soyez en avance<br \/>\u00a0<\/b><br \/>Rencontrez plus de 600 fournisseurs d&#8217;emballages qui sont pr\u00eats \u00e0 pr\u00e9senter leurs solutions d&#8217;emballage, leurs innovations et leurs mat\u00e9riaux &#8211; tout cela pour vous aider \u00e0 pr\u00e9parer, r\u00e9aliser et concr\u00e9tiser vos futurs projets d&#8217;emballage.<\/p>\t\t\t\t\t\t\t\t<\/div>\n\t\t\t\t<\/div>\n\t\t\t\t<div class=\"elementor-element elementor-element-768ce20 elementor-widget elementor-widget-image\" data-id=\"768ce20\" data-element_type=\"widget\" data-widget_type=\"image.default\">\n\t\t\t\t<div class=\"elementor-widget-container\">\n\t\t\t\t\t\t\t\t\t\t\t\t\t\t\t<img loading=\"lazy\" decoding=\"async\" width=\"500\" height=\"500\" src=\"https:\/\/easyfairsassets.com\/sites\/61\/2022\/09\/Franck-Marilly-Talks-500x500-1.png\" class=\"attachment-large size-large wp-image-104504\" alt=\"Franck Marilly | Shiseido EMEA | PCD Talks\" srcset=\"https:\/\/easyfairsassets.com\/sites\/61\/2022\/09\/Franck-Marilly-Talks-500x500-1.png 500w, https:\/\/easyfairsassets.com\/sites\/61\/2022\/09\/Franck-Marilly-Talks-500x500-1-300x300.png 300w, https:\/\/easyfairsassets.com\/sites\/61\/2022\/09\/Franck-Marilly-Talks-500x500-1-150x150.png 150w\" sizes=\"(max-width: 500px) 100vw, 500px\" \/>\t\t\t\t\t\t\t\t\t\t\t\t\t\t\t<\/div>\n\t\t\t\t<\/div>\n\t\t\t\t<div class=\"elementor-element elementor-element-7636cd7 elementor-widget elementor-widget-text-editor\" data-id=\"7636cd7\" data-element_type=\"widget\" data-widget_type=\"text-editor.default\">\n\t\t\t\t<div class=\"elementor-widget-container\">\n\t\t\t\t\t\t\t\t\t<p><b>Soyez inform\u00e9<br \/>\u00a0<\/b><br \/>Notre programme de conf\u00e9rences vous permettra de d\u00e9couvrir les tendances, les d\u00e9fis et les strat\u00e9gies qui vous permettront de prosp\u00e9rer dans le climat actuel et de garder une longueur d&rsquo;avance.<\/p>\t\t\t\t\t\t\t\t<\/div>\n\t\t\t\t<\/div>\n\t\t\t\t<div class=\"elementor-element elementor-element-95ff9fc elementor-widget elementor-widget-image\" data-id=\"95ff9fc\" data-element_type=\"widget\" data-widget_type=\"image.default\">\n\t\t\t\t<div class=\"elementor-widget-container\">\n\t\t\t\t\t\t\t\t\t\t\t\t\t\t\t<img loading=\"lazy\" decoding=\"async\" width=\"800\" height=\"533\" src=\"https:\/\/easyfairsassets.com\/sites\/61\/2022\/11\/JOB3463W-352.jpg\" class=\"attachment-large size-large wp-image-213614\" alt=\"Networking\" srcset=\"https:\/\/easyfairsassets.com\/sites\/61\/2022\/11\/JOB3463W-352.jpg 1500w, https:\/\/easyfairsassets.com\/sites\/61\/2022\/11\/JOB3463W-352-300x200.jpg 300w, https:\/\/easyfairsassets.com\/sites\/61\/2022\/11\/JOB3463W-352-768x512.jpg 768w\" sizes=\"(max-width: 800px) 100vw, 800px\" \/>\t\t\t\t\t\t\t\t\t\t\t\t\t\t\t<\/div>\n\t\t\t\t<\/div>\n\t\t\t\t<div class=\"elementor-element elementor-element-0d33470 elementor-widget elementor-widget-text-editor\" data-id=\"0d33470\" data-element_type=\"widget\" data-widget_type=\"text-editor.default\">\n\t\t\t\t<div class=\"elementor-widget-container\">\n\t\t\t\t\t\t\t\t\t<p><b>Soyez connect\u00e9<br \/>\u00a0<\/b><br \/>Rencontrez de nouvelles personnes, partagez des innovations intersectorielles et cr\u00e9ez des relations tout au long de l&rsquo;\u00e9v\u00e9nement dans un environnement d\u00e9tendu dans l&rsquo;un de nos nombreux Lounges ou bar \u00e0 Cocktails.<\/p>\t\t\t\t\t\t\t\t<\/div>\n\t\t\t\t<\/div>\n\t\t\t\t<div class=\"elementor-element elementor-element-d54958c elementor-widget elementor-widget-text-editor\" data-id=\"d54958c\" data-element_type=\"widget\" data-widget_type=\"text-editor.default\">\n\t\t\t\t<div class=\"elementor-widget-container\">\n\t\t\t\t\t\t\t\t\t<p>Si vous \u00eates pr\u00eat \u00e0 rencontrer, \u00e0 cr\u00e9er des relations et \u00e0 d\u00e9velopper votre marque avec la cr\u00e8me de la cr\u00e8me de l&rsquo;industrie l&#8217;emballage (et je pense que vous l&rsquo;\u00eates)&#8230; alors vous \u00eates pr\u00eat \u00e0 vous inscrire \u00e0 la Paris Packaging Week 2023 !<\/p>\t\t\t\t\t\t\t\t<\/div>\n\t\t\t\t<\/div>\n\t\t\t\t<div class=\"elementor-element elementor-element-74f5fba elementor-align-center elementor-widget elementor-widget-dynamic-button\" data-id=\"74f5fba\" data-element_type=\"widget\" data-settings=\"{&quot;_animation&quot;:&quot;none&quot;}\" data-widget_type=\"dynamic-button.default\">\n\t\t\t\t<div class=\"elementor-widget-container\">\n\t\t\t\t\t        <div class=\"elementor-button-wrapper\">\n            <a href=\"https:\/\/registration.gesevent.com\/survey\/1s8fal5ak310l\/start?translation=1y3e4bjlh3me0\" target=\"_blank\" class=\"elementor-button-link elementor-button elementor-size-sm elementor-animation-grow\" role=\"button\">\n                        <span class=\"elementor-button-content-wrapper\">\n\t\t\t                <span class=\"elementor-button-icon elementor-align-icon-right\">\n\t\t\t\t<i aria-hidden=\"true\" class=\"fas fa-angle-right\"><\/i>\t\t\t<\/span>\n            \t\t\t<span class=\"elementor-button-text\">inscrivez-vous ICI<\/span>\n\t\t<\/span>\n                    <\/a>\n        <\/div>\n        \t\t\t\t<\/div>\n\t\t\t\t<\/div>\n\t\t\t\t<div class=\"elementor-element elementor-element-55c3363 elementor-icon-list--layout-inline elementor-align-center elementor-tablet-align-center elementor-list-item-link-full_width elementor-widget elementor-widget-icon-list\" data-id=\"55c3363\" data-element_type=\"widget\" data-widget_type=\"icon-list.default\">\n\t\t\t\t<div class=\"elementor-widget-container\">\n\t\t\t\t\t\t\t<ul class=\"elementor-icon-list-items elementor-inline-items\">\n\t\t\t\t\t\t\t<li class=\"elementor-icon-list-item elementor-inline-item\">\n\t\t\t\t\t\t\t\t\t\t\t<a href=\"https:\/\/www.facebook.com\/parispackagingweek\/\" target=\"_blank\">\n\n\t\t\t\t\t\t\t\t\t\t\t\t<span class=\"elementor-icon-list-icon\">\n\t\t\t\t\t\t\t<i aria-hidden=\"true\" class=\"fab fa-facebook-f\"><\/i>\t\t\t\t\t\t<\/span>\n\t\t\t\t\t\t\t\t\t\t<span class=\"elementor-icon-list-text\"><\/span>\n\t\t\t\t\t\t\t\t\t\t\t<\/a>\n\t\t\t\t\t\t\t\t\t<\/li>\n\t\t\t\t\t\t\t\t<li class=\"elementor-icon-list-item elementor-inline-item\">\n\t\t\t\t\t\t\t\t\t\t\t<a href=\"https:\/\/twitter.com\/adfpcdpld\/\" target=\"_blank\">\n\n\t\t\t\t\t\t\t\t\t\t\t\t<span class=\"elementor-icon-list-icon\">\n\t\t\t\t\t\t\t<i aria-hidden=\"true\" class=\"fab fa-twitter\"><\/i>\t\t\t\t\t\t<\/span>\n\t\t\t\t\t\t\t\t\t\t<span class=\"elementor-icon-list-text\"><\/span>\n\t\t\t\t\t\t\t\t\t\t\t<\/a>\n\t\t\t\t\t\t\t\t\t<\/li>\n\t\t\t\t\t\t\t\t<li class=\"elementor-icon-list-item elementor-inline-item\">\n\t\t\t\t\t\t\t\t\t\t\t<a href=\"https:\/\/www.linkedin.com\/showcase\/parispackagingweek\/\" target=\"_blank\">\n\n\t\t\t\t\t\t\t\t\t\t\t\t<span class=\"elementor-icon-list-icon\">\n\t\t\t\t\t\t\t<i aria-hidden=\"true\" class=\"fab fa-linkedin-in\"><\/i>\t\t\t\t\t\t<\/span>\n\t\t\t\t\t\t\t\t\t\t<span class=\"elementor-icon-list-text\"><\/span>\n\t\t\t\t\t\t\t\t\t\t\t<\/a>\n\t\t\t\t\t\t\t\t\t<\/li>\n\t\t\t\t\t\t\t\t<li class=\"elementor-icon-list-item elementor-inline-item\">\n\t\t\t\t\t\t\t\t\t\t\t<a href=\"https:\/\/www.instagram.com\/parispackagingweek\/\" target=\"_blank\">\n\n\t\t\t\t\t\t\t\t\t\t\t\t<span class=\"elementor-icon-list-icon\">\n\t\t\t\t\t\t\t<i aria-hidden=\"true\" class=\"fab fa-instagram\"><\/i>\t\t\t\t\t\t<\/span>\n\t\t\t\t\t\t\t\t\t\t<span class=\"elementor-icon-list-text\"><\/span>\n\t\t\t\t\t\t\t\t\t\t\t<\/a>\n\t\t\t\t\t\t\t\t\t<\/li>\n\t\t\t\t\t\t<\/ul>\n\t\t\t\t\t\t<\/div>\n\t\t\t\t<\/div>\n\t\t\t\t<div class=\"elementor-element elementor-element-ea65499 elementor-widget elementor-widget-heading\" data-id=\"ea65499\" data-element_type=\"widget\" data-widget_type=\"heading.default\">\n\t\t\t\t<div class=\"elementor-widget-container\">\n\t\t\t\t\t<h2 class=\"elementor-heading-title elementor-size-default\">Partager cet article <\/h2>\t\t\t\t<\/div>\n\t\t\t\t<\/div>\n\t\t\t\t<div class=\"elementor-element elementor-element-a81cb02 elementor-share-buttons--view-icon-text elementor-share-buttons--skin-gradient elementor-share-buttons--shape-square elementor-grid-0 elementor-share-buttons--color-official elementor-widget elementor-widget-share-buttons\" data-id=\"a81cb02\" data-element_type=\"widget\" data-widget_type=\"share-buttons.default\">\n\t\t\t\t<div class=\"elementor-widget-container\">\n\t\t\t\t\t\t\t<div class=\"elementor-grid\" role=\"list\">\n\t\t\t\t\t\t\t\t<div class=\"elementor-grid-item\" role=\"listitem\">\n\t\t\t\t\t\t<div class=\"elementor-share-btn elementor-share-btn_facebook\" role=\"button\" tabindex=\"0\" aria-label=\"Share on facebook\">\n\t\t\t\t\t\t\t\t\t\t\t\t\t\t\t<span class=\"elementor-share-btn__icon\">\n\t\t\t\t\t\t\t\t<i class=\"fab fa-facebook\" aria-hidden=\"true\"><\/i>\t\t\t\t\t\t\t<\/span>\n\t\t\t\t\t\t\t\t\t\t\t\t\t\t\t\t\t\t\t\t\t\t<div class=\"elementor-share-btn__text\">\n\t\t\t\t\t\t\t\t\t\t\t\t\t\t\t\t\t\t\t<span class=\"elementor-share-btn__title\">\n\t\t\t\t\t\t\t\t\t\tFacebook\t\t\t\t\t\t\t\t\t<\/span>\n\t\t\t\t\t\t\t\t\t\t\t\t\t\t\t\t\t<\/div>\n\t\t\t\t\t\t\t\t\t\t\t\t\t<\/div>\n\t\t\t\t\t<\/div>\n\t\t\t\t\t\t\t\t\t<div class=\"elementor-grid-item\" role=\"listitem\">\n\t\t\t\t\t\t<div class=\"elementor-share-btn elementor-share-btn_twitter\" role=\"button\" tabindex=\"0\" aria-label=\"Share on twitter\">\n\t\t\t\t\t\t\t\t\t\t\t\t\t\t\t<span class=\"elementor-share-btn__icon\">\n\t\t\t\t\t\t\t\t<i class=\"fab fa-twitter\" aria-hidden=\"true\"><\/i>\t\t\t\t\t\t\t<\/span>\n\t\t\t\t\t\t\t\t\t\t\t\t\t\t\t\t\t\t\t\t\t\t<div class=\"elementor-share-btn__text\">\n\t\t\t\t\t\t\t\t\t\t\t\t\t\t\t\t\t\t\t<span class=\"elementor-share-btn__title\">\n\t\t\t\t\t\t\t\t\t\tTwitter\t\t\t\t\t\t\t\t\t<\/span>\n\t\t\t\t\t\t\t\t\t\t\t\t\t\t\t\t\t<\/div>\n\t\t\t\t\t\t\t\t\t\t\t\t\t<\/div>\n\t\t\t\t\t<\/div>\n\t\t\t\t\t\t\t\t\t<div class=\"elementor-grid-item\" role=\"listitem\">\n\t\t\t\t\t\t<div class=\"elementor-share-btn elementor-share-btn_linkedin\" role=\"button\" tabindex=\"0\" aria-label=\"Share on linkedin\">\n\t\t\t\t\t\t\t\t\t\t\t\t\t\t\t<span class=\"elementor-share-btn__icon\">\n\t\t\t\t\t\t\t\t<i class=\"fab fa-linkedin\" aria-hidden=\"true\"><\/i>\t\t\t\t\t\t\t<\/span>\n\t\t\t\t\t\t\t\t\t\t\t\t\t\t\t\t\t\t\t\t\t\t<div class=\"elementor-share-btn__text\">\n\t\t\t\t\t\t\t\t\t\t\t\t\t\t\t\t\t\t\t<span class=\"elementor-share-btn__title\">\n\t\t\t\t\t\t\t\t\t\tLinkedIn\t\t\t\t\t\t\t\t\t<\/span>\n\t\t\t\t\t\t\t\t\t\t\t\t\t\t\t\t\t<\/div>\n\t\t\t\t\t\t\t\t\t\t\t\t\t<\/div>\n\t\t\t\t\t<\/div>\n\t\t\t\t\t\t<\/div>\n\t\t\t\t\t\t<\/div>\n\t\t\t\t<\/div>\n\t\t\t\t\t<\/div>\n\t\t<\/div>\n\t\t\t\t<div class=\"elementor-column elementor-col-50 elementor-inner-column elementor-element elementor-element-2372748\" data-id=\"2372748\" data-element_type=\"column\" data-settings=\"{&quot;background_background&quot;:&quot;classic&quot;}\">\n\t\t\t<div class=\"elementor-widget-wrap elementor-element-populated\">\n\t\t\t\t\t\t<div class=\"elementor-element elementor-element-029a2e0 elementor-widget elementor-widget-theme-post-featured-image elementor-widget-image\" data-id=\"029a2e0\" data-element_type=\"widget\" data-widget_type=\"theme-post-featured-image.default\">\n\t\t\t\t<div class=\"elementor-widget-container\">\n\t\t\t\t\t\t\t\t\t\t\t\t\t\t\t<img loading=\"lazy\" decoding=\"async\" width=\"1200\" height=\"626\" src=\"https:\/\/easyfairsassets.com\/sites\/61\/2022\/11\/canva-brands-attedning.png\" class=\"attachment-full size-full wp-image-213500\" alt=\"Brands Attending | Networking | Paris Packaging Weel 2022\" srcset=\"https:\/\/easyfairsassets.com\/sites\/61\/2022\/11\/canva-brands-attedning.png 1200w, https:\/\/easyfairsassets.com\/sites\/61\/2022\/11\/canva-brands-attedning-300x157.png 300w, https:\/\/easyfairsassets.com\/sites\/61\/2022\/11\/canva-brands-attedning-768x401.png 768w\" sizes=\"(max-width: 1200px) 100vw, 1200px\" \/>\t\t\t\t\t\t\t\t\t\t\t\t\t\t\t<\/div>\n\t\t\t\t<\/div>\n\t\t\t\t<div class=\"elementor-element elementor-element-6e8c809 elementor-hidden-desktop elementor-hidden-tablet elementor-hidden-mobile elementor-widget elementor-widget-text-editor\" data-id=\"6e8c809\" data-element_type=\"widget\" data-widget_type=\"text-editor.default\">\n\t\t\t\t<div class=\"elementor-widget-container\">\n\t\t\t\t\t\t\t\t\t<p>Lorem ipsum dolor sit amet, consectetur adipiscing elit Lorem ipsum dolor sit amet, consectetur adipiscing elit<\/p>\n\t\t\t\t\t\t\t\t<\/div>\n\t\t\t\t<\/div>\n\t\t\t\t<div class=\"elementor-element elementor-element-38790ea elementor-widget elementor-widget-spacer\" data-id=\"38790ea\" data-element_type=\"widget\" data-widget_type=\"spacer.default\">\n\t\t\t\t<div class=\"elementor-widget-container\">\n\t\t\t\t\t\t\t<div class=\"elementor-spacer\">\n\t\t\t<div class=\"elementor-spacer-inner\"><\/div>\n\t\t<\/div>\n\t\t\t\t\t\t<\/div>\n\t\t\t\t<\/div>\n\t\t\t\t<div class=\"elementor-element elementor-element-21c688e elementor-widget elementor-widget-heading\" data-id=\"21c688e\" data-element_type=\"widget\" data-widget_type=\"heading.default\">\n\t\t\t\t<div class=\"elementor-widget-container\">\n\t\t\t\t\t<h2 class=\"elementor-heading-title elementor-size-default\">Les derniers articles de la Paris Packaging Week<\/h2>\t\t\t\t<\/div>\n\t\t\t\t<\/div>\n\t\t\t\t<div class=\"elementor-element elementor-element-3a60844 elementor-posts--align-left elementor-grid-3 elementor-grid-tablet-2 elementor-grid-mobile-1 elementor-posts--thumbnail-top elementor-widget elementor-widget-posts\" data-id=\"3a60844\" data-element_type=\"widget\" data-settings=\"{&quot;classic_row_gap&quot;:{&quot;unit&quot;:&quot;px&quot;,&quot;size&quot;:&quot;49&quot;,&quot;sizes&quot;:[]},&quot;classic_columns&quot;:&quot;3&quot;,&quot;classic_columns_tablet&quot;:&quot;2&quot;,&quot;classic_columns_mobile&quot;:&quot;1&quot;,&quot;classic_row_gap_tablet&quot;:{&quot;unit&quot;:&quot;px&quot;,&quot;size&quot;:&quot;&quot;,&quot;sizes&quot;:[]},&quot;classic_row_gap_mobile&quot;:{&quot;unit&quot;:&quot;px&quot;,&quot;size&quot;:&quot;&quot;,&quot;sizes&quot;:[]}}\" data-widget_type=\"posts.classic\">\n\t\t\t\t<div class=\"elementor-widget-container\">\n\t\t\t\t\t\t\t<div class=\"elementor-posts-container elementor-posts elementor-posts--skin-classic elementor-grid\" role=\"list\">\n\t\t\t\t<article class=\"elementor-post elementor-grid-item post-500017 post type-post status-publish format-standard has-post-thumbnail hentry category-beauty category-design-2 category-innovation-2 category-luxury-2 category-trends-2\" role=\"listitem\">\n\t\t\t\t<a class=\"elementor-post__thumbnail__link\" href=\"https:\/\/www.parispackagingweek.com\/fr\/2026\/04\/23\/quadpack-devoile-lotus-pod-lapplicateur-effet-froid-nouvelle-generation\/\" tabindex=\"-1\" >\n\t\t\t<div class=\"elementor-post__thumbnail\"><img loading=\"lazy\" decoding=\"async\" width=\"1200\" height=\"626\" src=\"https:\/\/easyfairsassets.com\/sites\/61\/2026\/04\/Article-website-Quadpack-Lotus-Pod.png\" class=\"attachment-full size-full wp-image-500029\" alt=\"Quadpack Lotus Pod\" srcset=\"https:\/\/easyfairsassets.com\/sites\/61\/2026\/04\/Article-website-Quadpack-Lotus-Pod.png 1200w, https:\/\/easyfairsassets.com\/sites\/61\/2026\/04\/Article-website-Quadpack-Lotus-Pod-300x157.png 300w, https:\/\/easyfairsassets.com\/sites\/61\/2026\/04\/Article-website-Quadpack-Lotus-Pod-768x401.png 768w\" sizes=\"(max-width: 1200px) 100vw, 1200px\" \/><\/div>\n\t\t<\/a>\n\t\t\t\t<div class=\"elementor-post__text\">\n\t\t\t\t<h3 class=\"elementor-post__title\">\n\t\t\t<a href=\"https:\/\/www.parispackagingweek.com\/fr\/2026\/04\/23\/quadpack-devoile-lotus-pod-lapplicateur-effet-froid-nouvelle-generation\/\" >\n\t\t\t\tQuadpack d\u00e9voile Lotus Pod, l\u2019applicateur effet froid nouvelle g\u00e9n\u00e9ration\t\t\t<\/a>\n\t\t<\/h3>\n\t\t\t\t<\/div>\n\t\t\t\t<\/article>\n\t\t\t\t<article class=\"elementor-post elementor-grid-item post-499997 post type-post status-publish format-standard has-post-thumbnail hentry category-drinks category-innovation-2 category-luxury-2 category-trends-2\" role=\"listitem\">\n\t\t\t\t<a class=\"elementor-post__thumbnail__link\" href=\"https:\/\/www.parispackagingweek.com\/fr\/2026\/04\/22\/remy-cointreau-modernise-lidentite-visuelle-de-metaxa\/\" tabindex=\"-1\" >\n\t\t\t<div class=\"elementor-post__thumbnail\"><img loading=\"lazy\" decoding=\"async\" width=\"1200\" height=\"626\" src=\"https:\/\/easyfairsassets.com\/sites\/61\/2026\/04\/Untitled-1.png\" class=\"attachment-full size-full wp-image-499999\" alt=\"\" srcset=\"https:\/\/easyfairsassets.com\/sites\/61\/2026\/04\/Untitled-1.png 1200w, https:\/\/easyfairsassets.com\/sites\/61\/2026\/04\/Untitled-1-300x157.png 300w, https:\/\/easyfairsassets.com\/sites\/61\/2026\/04\/Untitled-1-768x401.png 768w\" sizes=\"(max-width: 1200px) 100vw, 1200px\" \/><\/div>\n\t\t<\/a>\n\t\t\t\t<div class=\"elementor-post__text\">\n\t\t\t\t<h3 class=\"elementor-post__title\">\n\t\t\t<a href=\"https:\/\/www.parispackagingweek.com\/fr\/2026\/04\/22\/remy-cointreau-modernise-lidentite-visuelle-de-metaxa\/\" >\n\t\t\t\tR\u00e9my Cointreau modernise l&rsquo;identit\u00e9 visuelle de Metaxa\t\t\t<\/a>\n\t\t<\/h3>\n\t\t\t\t<\/div>\n\t\t\t\t<\/article>\n\t\t\t\t<article class=\"elementor-post elementor-grid-item post-499932 post type-post status-publish format-standard has-post-thumbnail hentry category-drinks category-innovation-2 category-luxury-2 category-trends-2\" role=\"listitem\">\n\t\t\t\t<a class=\"elementor-post__thumbnail__link\" href=\"https:\/\/www.parispackagingweek.com\/fr\/2026\/04\/16\/de-lartisanat-au-patrimoine-comment-les-spiritueux-sinspirent-des-nouvelles-tendances-en-matiere-de-design\/\" tabindex=\"-1\" >\n\t\t\t<div class=\"elementor-post__thumbnail\"><img loading=\"lazy\" decoding=\"async\" width=\"1200\" height=\"626\" src=\"https:\/\/easyfairsassets.com\/sites\/61\/2026\/04\/Untitled-2.png\" class=\"attachment-full size-full wp-image-499934\" alt=\"\" srcset=\"https:\/\/easyfairsassets.com\/sites\/61\/2026\/04\/Untitled-2.png 1200w, https:\/\/easyfairsassets.com\/sites\/61\/2026\/04\/Untitled-2-300x157.png 300w, https:\/\/easyfairsassets.com\/sites\/61\/2026\/04\/Untitled-2-768x401.png 768w\" sizes=\"(max-width: 1200px) 100vw, 1200px\" \/><\/div>\n\t\t<\/a>\n\t\t\t\t<div class=\"elementor-post__text\">\n\t\t\t\t<h3 class=\"elementor-post__title\">\n\t\t\t<a href=\"https:\/\/www.parispackagingweek.com\/fr\/2026\/04\/16\/de-lartisanat-au-patrimoine-comment-les-spiritueux-sinspirent-des-nouvelles-tendances-en-matiere-de-design\/\" >\n\t\t\t\tDe l&rsquo;artisanat au patrimoine : comment les spiritueux s&rsquo;inspirent des nouvelles tendances en mati\u00e8re de design\t\t\t<\/a>\n\t\t<\/h3>\n\t\t\t\t<\/div>\n\t\t\t\t<\/article>\n\t\t\t\t<article class=\"elementor-post elementor-grid-item post-499919 post type-post status-publish format-standard has-post-thumbnail hentry category-beauty category-design-2 category-luxury-2 category-trends-2\" role=\"listitem\">\n\t\t\t\t<a class=\"elementor-post__thumbnail__link\" href=\"https:\/\/www.parispackagingweek.com\/fr\/2026\/04\/16\/un-sac-emblematique-de-dior-devient-linspiration-dun-nouveau-parfum\/\" tabindex=\"-1\" >\n\t\t\t<div class=\"elementor-post__thumbnail\"><img loading=\"lazy\" decoding=\"async\" width=\"1200\" height=\"626\" src=\"https:\/\/easyfairsassets.com\/sites\/61\/2026\/04\/Article-website-Dior-Cuir-Saddle-Parfum.png\" class=\"attachment-full size-full wp-image-499929\" alt=\"Dior Cuir Saddle Parfum\" srcset=\"https:\/\/easyfairsassets.com\/sites\/61\/2026\/04\/Article-website-Dior-Cuir-Saddle-Parfum.png 1200w, https:\/\/easyfairsassets.com\/sites\/61\/2026\/04\/Article-website-Dior-Cuir-Saddle-Parfum-300x157.png 300w, https:\/\/easyfairsassets.com\/sites\/61\/2026\/04\/Article-website-Dior-Cuir-Saddle-Parfum-768x401.png 768w\" sizes=\"(max-width: 1200px) 100vw, 1200px\" \/><\/div>\n\t\t<\/a>\n\t\t\t\t<div class=\"elementor-post__text\">\n\t\t\t\t<h3 class=\"elementor-post__title\">\n\t\t\t<a href=\"https:\/\/www.parispackagingweek.com\/fr\/2026\/04\/16\/un-sac-emblematique-de-dior-devient-linspiration-dun-nouveau-parfum\/\" >\n\t\t\t\tUn sac embl\u00e9matique de Dior devient l\u2019inspiration d\u2019un nouveau parfum\t\t\t<\/a>\n\t\t<\/h3>\n\t\t\t\t<\/div>\n\t\t\t\t<\/article>\n\t\t\t\t<article class=\"elementor-post elementor-grid-item post-499921 post type-post status-publish format-standard has-post-thumbnail hentry category-drinks category-innovation-2 category-luxury-2 category-trends-2\" role=\"listitem\">\n\t\t\t\t<a class=\"elementor-post__thumbnail__link\" href=\"https:\/\/www.parispackagingweek.com\/fr\/2026\/04\/16\/saint-james-celebre-son-260e-anniversaire-avec-elegance-un-rhum-en-edition-limitee\/\" tabindex=\"-1\" >\n\t\t\t<div class=\"elementor-post__thumbnail\"><img loading=\"lazy\" decoding=\"async\" width=\"1200\" height=\"626\" src=\"https:\/\/easyfairsassets.com\/sites\/61\/2026\/04\/Untitled.png\" class=\"attachment-full size-full wp-image-499923\" alt=\"\" srcset=\"https:\/\/easyfairsassets.com\/sites\/61\/2026\/04\/Untitled.png 1200w, https:\/\/easyfairsassets.com\/sites\/61\/2026\/04\/Untitled-300x157.png 300w, https:\/\/easyfairsassets.com\/sites\/61\/2026\/04\/Untitled-768x401.png 768w\" sizes=\"(max-width: 1200px) 100vw, 1200px\" \/><\/div>\n\t\t<\/a>\n\t\t\t\t<div class=\"elementor-post__text\">\n\t\t\t\t<h3 class=\"elementor-post__title\">\n\t\t\t<a href=\"https:\/\/www.parispackagingweek.com\/fr\/2026\/04\/16\/saint-james-celebre-son-260e-anniversaire-avec-elegance-un-rhum-en-edition-limitee\/\" >\n\t\t\t\tSaint James c\u00e9l\u00e8bre son 260e anniversaire avec \u00ab El\u00e9gance \u00bb, un rhum en \u00e9dition limit\u00e9e\t\t\t<\/a>\n\t\t<\/h3>\n\t\t\t\t<\/div>\n\t\t\t\t<\/article>\n\t\t\t\t<article class=\"elementor-post elementor-grid-item post-499887 post type-post status-publish format-standard has-post-thumbnail hentry category-aerosols-dispensing-2 category-aerosols-dispensing-3 category-business-2 category-design-2 category-sustainability-2 category-trends-2\" role=\"listitem\">\n\t\t\t\t<a class=\"elementor-post__thumbnail__link\" href=\"https:\/\/www.parispackagingweek.com\/fr\/2026\/04\/16\/kiss-colors-care-devoile-une-nouvelle-gamme-aerosol-pour-cheveux-textures\/\" tabindex=\"-1\" >\n\t\t\t<div class=\"elementor-post__thumbnail\"><img loading=\"lazy\" decoding=\"async\" width=\"1200\" height=\"626\" src=\"https:\/\/easyfairsassets.com\/sites\/61\/2026\/04\/Kiss-colors.png\" class=\"attachment-full size-full wp-image-499891\" alt=\"Paris Packaging Week | KISS Colors &amp; Care unveils new aerosol range for textured hair\" srcset=\"https:\/\/easyfairsassets.com\/sites\/61\/2026\/04\/Kiss-colors.png 1200w, https:\/\/easyfairsassets.com\/sites\/61\/2026\/04\/Kiss-colors-300x157.png 300w, https:\/\/easyfairsassets.com\/sites\/61\/2026\/04\/Kiss-colors-768x401.png 768w\" sizes=\"(max-width: 1200px) 100vw, 1200px\" \/><\/div>\n\t\t<\/a>\n\t\t\t\t<div class=\"elementor-post__text\">\n\t\t\t\t<h3 class=\"elementor-post__title\">\n\t\t\t<a href=\"https:\/\/www.parispackagingweek.com\/fr\/2026\/04\/16\/kiss-colors-care-devoile-une-nouvelle-gamme-aerosol-pour-cheveux-textures\/\" >\n\t\t\t\tKISS Colors &amp; Care d\u00e9voile une nouvelle gamme a\u00e9rosol pour cheveux textur\u00e9s\t\t\t<\/a>\n\t\t<\/h3>\n\t\t\t\t<\/div>\n\t\t\t\t<\/article>\n\t\t\t\t<\/div>\n\t\t\n\t\t\t\t\t\t<\/div>\n\t\t\t\t<\/div>\n\t\t\t\t<div class=\"elementor-element elementor-element-d0e1ef9 elementor-align-justify elementor-widget elementor-widget-dynamic-button\" data-id=\"d0e1ef9\" data-element_type=\"widget\" data-settings=\"{&quot;_animation&quot;:&quot;none&quot;}\" data-widget_type=\"dynamic-button.default\">\n\t\t\t\t<div class=\"elementor-widget-container\">\n\t\t\t\t\t        <div class=\"elementor-button-wrapper\">\n            <a href=\"https:\/\/www.parispackagingweek.com\/fr\/newsletter\/\" class=\"elementor-button-link elementor-button elementor-size-sm elementor-animation-grow\" role=\"button\">\n                        <span class=\"elementor-button-content-wrapper\">\n\t\t\t                <span class=\"elementor-button-icon elementor-align-icon-right\">\n\t\t\t\t<i aria-hidden=\"true\" class=\"fas fa-angle-right\"><\/i>\t\t\t<\/span>\n            \t\t\t<span class=\"elementor-button-text\">abonnez-vous \u00e0 la newsletter du salon<\/span>\n\t\t<\/span>\n                    <\/a>\n        <\/div>\n        \t\t\t\t<\/div>\n\t\t\t\t<\/div>\n\t\t\t\t\t<\/div>\n\t\t<\/div>\n\t\t\t\t\t<\/div>\n\t\t<\/section>\n\t\t\t\t\t<\/div>\n\t\t<\/div>\n\t\t\t\t\t<\/div>\n\t\t<\/section>\n\t\t\t\t<section class=\"elementor-section elementor-top-section elementor-element elementor-element-47bdf4a elementor-section-boxed elementor-section-height-default elementor-section-height-default\" data-id=\"47bdf4a\" data-element_type=\"section\">\n\t\t\t\t\t\t<div class=\"elementor-container elementor-column-gap-default\">\n\t\t\t\t\t<div class=\"elementor-column elementor-col-100 elementor-top-column elementor-element elementor-element-1a28aa3\" data-id=\"1a28aa3\" data-element_type=\"column\">\n\t\t\t<div class=\"elementor-widget-wrap\">\n\t\t\t\t\t\t\t<\/div>\n\t\t<\/div>\n\t\t\t\t\t<\/div>\n\t\t<\/section>\n\t\t\t\t<\/div>\n\t\t","protected":false},"excerpt":{"rendered":"<p>Innovez aux c\u00f4t\u00e9s des plus grandes marques de beaut\u00e9, d&rsquo;a\u00e9rosols, de boissons premium et de luxe au monde lors<\/p>\n","protected":false},"author":325,"featured_media":213500,"comment_status":"closed","ping_status":"open","sticky":false,"template":"","format":"standard","meta":{"_seopress_robots_primary_cat":"none","_seopress_titles_title":"Paris Packaging Week | L&#039;Or\u00e9al, LVMH, Chanel, Pernod Ricard... Voici qui vous pouvez rencontrer \u00e0 la Paris Packaging Week 2023 et comment.","_seopress_titles_desc":"Encouragez votre innovation aux c\u00f4t\u00e9s des plus grandes marques mondiales de produits de beaut\u00e9, d&#039;a\u00e9rosols, de boissons premium et de produits de luxe lors de l&#039;\u00e9v\u00e9nement phare de l&#039;innovation en mati\u00e8re d&#039;emballage, \u00e0 Paris.\r\n","_seopress_robots_index":"","footnotes":""},"categories":[117],"tags":[],"edition":[],"class_list":["post-213191","post","type-post","status-publish","format-standard","has-post-thumbnail","hentry","category-event-news-2"],"_links":{"self":[{"href":"https:\/\/www.parispackagingweek.com\/fr\/wp-json\/wp\/v2\/posts\/213191","targetHints":{"allow":["GET"]}}],"collection":[{"href":"https:\/\/www.parispackagingweek.com\/fr\/wp-json\/wp\/v2\/posts"}],"about":[{"href":"https:\/\/www.parispackagingweek.com\/fr\/wp-json\/wp\/v2\/types\/post"}],"author":[{"embeddable":true,"href":"https:\/\/www.parispackagingweek.com\/fr\/wp-json\/wp\/v2\/users\/325"}],"replies":[{"embeddable":true,"href":"https:\/\/www.parispackagingweek.com\/fr\/wp-json\/wp\/v2\/comments?post=213191"}],"version-history":[{"count":5,"href":"https:\/\/www.parispackagingweek.com\/fr\/wp-json\/wp\/v2\/posts\/213191\/revisions"}],"predecessor-version":[{"id":213842,"href":"https:\/\/www.parispackagingweek.com\/fr\/wp-json\/wp\/v2\/posts\/213191\/revisions\/213842"}],"wp:featuredmedia":[{"embeddable":true,"href":"https:\/\/www.parispackagingweek.com\/fr\/wp-json\/wp\/v2\/media\/213500"}],"wp:attachment":[{"href":"https:\/\/www.parispackagingweek.com\/fr\/wp-json\/wp\/v2\/media?parent=213191"}],"wp:term":[{"taxonomy":"category","embeddable":true,"href":"https:\/\/www.parispackagingweek.com\/fr\/wp-json\/wp\/v2\/categories?post=213191"},{"taxonomy":"post_tag","embeddable":true,"href":"https:\/\/www.parispackagingweek.com\/fr\/wp-json\/wp\/v2\/tags?post=213191"},{"taxonomy":"edition","embeddable":true,"href":"https:\/\/www.parispackagingweek.com\/fr\/wp-json\/wp\/v2\/edition?post=213191"}],"curies":[{"name":"wp","href":"https:\/\/api.w.org\/{rel}","templated":true}]}}