{"id":267445,"date":"2023-04-05T12:04:47","date_gmt":"2023-04-05T10:04:47","guid":{"rendered":"https:\/\/www.parispackagingweek.com\/?p=267445"},"modified":"2023-09-11T17:56:57","modified_gmt":"2023-09-11T15:56:57","slug":"en-awards-paris-packaging-week-2023-a-recu-le-prix-du-meilleur-salon-international","status":"publish","type":"post","link":"https:\/\/www.parispackagingweek.com\/fr\/2023\/04\/05\/en-awards-paris-packaging-week-2023-a-recu-le-prix-du-meilleur-salon-international\/","title":{"rendered":"Press release | Paris Packaging Week 2023 a re\u00e7u le prix du &lsquo;Meilleur Salon International&rsquo;"},"content":{"rendered":"\t\t<div data-elementor-type=\"wp-post\" data-elementor-id=\"267445\" class=\"elementor elementor-267445\" data-elementor-post-type=\"post\">\n\t\t\t\t\t\t<section class=\"elementor-section elementor-top-section elementor-element elementor-element-c04a20a elementor-section-full_width elementor-section-height-default elementor-section-height-default\" data-id=\"c04a20a\" data-element_type=\"section\" data-settings=\"{&quot;background_background&quot;:&quot;classic&quot;}\">\n\t\t\t\t\t\t<div class=\"elementor-container elementor-column-gap-custom\">\n\t\t\t\t\t<div class=\"elementor-column elementor-col-50 elementor-top-column elementor-element elementor-element-35239d0\" data-id=\"35239d0\" data-element_type=\"column\">\n\t\t\t<div class=\"elementor-widget-wrap\">\n\t\t\t\t\t\t\t<\/div>\n\t\t<\/div>\n\t\t\t\t<div class=\"elementor-column elementor-col-50 elementor-top-column elementor-element elementor-element-d6b5024\" data-id=\"d6b5024\" data-element_type=\"column\">\n\t\t\t<div class=\"elementor-widget-wrap elementor-element-populated\">\n\t\t\t\t\t\t<div class=\"elementor-element elementor-element-3a6ad1b elementor-widget elementor-widget-theme-post-title elementor-page-title elementor-widget-heading\" data-id=\"3a6ad1b\" data-element_type=\"widget\" data-widget_type=\"theme-post-title.default\">\n\t\t\t\t<div class=\"elementor-widget-container\">\n\t\t\t\t\t<h1 class=\"elementor-heading-title elementor-size-default\">Press release | Paris Packaging Week 2023 a re\u00e7u le prix du &lsquo;Meilleur Salon International&rsquo;<\/h1>\t\t\t\t<\/div>\n\t\t\t\t<\/div>\n\t\t\t\t\t<\/div>\n\t\t<\/div>\n\t\t\t\t\t<\/div>\n\t\t<\/section>\n\t\t\t\t<section class=\"elementor-section elementor-top-section elementor-element elementor-element-4dfaf9c elementor-section-full_width elementor-section-height-default elementor-section-height-default\" data-id=\"4dfaf9c\" data-element_type=\"section\" data-settings=\"{&quot;background_background&quot;:&quot;classic&quot;}\">\n\t\t\t\t\t\t<div class=\"elementor-container elementor-column-gap-default\">\n\t\t\t\t\t<div class=\"elementor-column elementor-col-25 elementor-top-column elementor-element elementor-element-6d940a7\" data-id=\"6d940a7\" data-element_type=\"column\">\n\t\t\t<div class=\"elementor-widget-wrap elementor-element-populated\">\n\t\t\t\t\t\t<div class=\"elementor-element elementor-element-baf5133 elementor-hidden-desktop elementor-hidden-tablet elementor-hidden-mobile elementor-widget elementor-widget-wp-widget-adsanity-single\" data-id=\"baf5133\" data-element_type=\"widget\" data-settings=\"{&quot;sticky&quot;:&quot;top&quot;,&quot;sticky_offset&quot;:145,&quot;sticky_on&quot;:[&quot;desktop&quot;,&quot;tablet&quot;],&quot;sticky_offset_tablet&quot;:150,&quot;sticky_offset_mobile&quot;:0,&quot;sticky_effects_offset&quot;:0,&quot;sticky_anchor_link_offset&quot;:0}\" data-widget_type=\"wp-widget-adsanity-single.default\">\n\t\t\t\t<div class=\"elementor-widget-container\">\n\t\t\t\t\t\n<div id=\"ad-63931\" class=\"ad-300x1050 adsanity-300x1050  adsanity-\"\n><div class=\"adsanity-inner\">\n\n<div class=\"adsanity-gati\" data-title=\"Half Page Ad Example 1\"><a rel=\"nofollow\" href=\"https:\/\/www.parispackagingweek.com\/fr\/ads\/half-page-ad-example-1\/\"  target=\"_blank\"><img fetchpriority=\"high\" decoding=\"async\" width=\"300\" height=\"800\" src=\"https:\/\/easyfairsassets.com\/sites\/61\/2022\/03\/5d5ab581bc29b327f90e4718ec5e6450.jpg\" class=\"no-lazy-load wp-post-image\" alt=\"\" srcset=\"https:\/\/easyfairsassets.com\/sites\/61\/2022\/03\/5d5ab581bc29b327f90e4718ec5e6450.jpg 300w, https:\/\/easyfairsassets.com\/sites\/61\/2022\/03\/5d5ab581bc29b327f90e4718ec5e6450-113x300.jpg 113w\" sizes=\"(max-width: 300px) 100vw, 300px\" \/><\/a><\/div>\n<\/div><\/div>\n\n\t\t\t\t<\/div>\n\t\t\t\t<\/div>\n\t\t\t\t\t<\/div>\n\t\t<\/div>\n\t\t\t\t<div class=\"elementor-column elementor-col-25 elementor-top-column elementor-element elementor-element-9956d49\" data-id=\"9956d49\" data-element_type=\"column\">\n\t\t\t<div class=\"elementor-widget-wrap elementor-element-populated\">\n\t\t\t\t\t\t<div class=\"elementor-element elementor-element-ee9acd9 elementor-widget elementor-widget-post-info\" data-id=\"ee9acd9\" data-element_type=\"widget\" data-widget_type=\"post-info.default\">\n\t\t\t\t<div class=\"elementor-widget-container\">\n\t\t\t\t\t\t\t<ul class=\"elementor-icon-list-items elementor-post-info\">\n\t\t\t\t\t\t\t\t<li class=\"elementor-icon-list-item elementor-repeater-item-bdf8f56\" itemprop=\"datePublished\">\n\t\t\t\t\t\t<a href=\"https:\/\/www.parispackagingweek.com\/fr\/2023\/04\/05\/\">\n\t\t\t\t\t\t\t\t\t\t\t\t\t\t<span class=\"elementor-icon-list-text elementor-post-info__item elementor-post-info__item--type-date\">\n\t\t\t\t\t\t\t\t\t\t<time>avril 5, 2023<\/time>\t\t\t\t\t<\/span>\n\t\t\t\t\t\t\t\t\t<\/a>\n\t\t\t\t<\/li>\n\t\t\t\t<\/ul>\n\t\t\t\t\t\t<\/div>\n\t\t\t\t<\/div>\n\t\t\t\t<div class=\"elementor-element elementor-element-7643300 elementor-widget elementor-widget-text-editor\" data-id=\"7643300\" data-element_type=\"widget\" data-widget_type=\"text-editor.default\">\n\t\t\t\t<div class=\"elementor-widget-container\">\n\t\t\t\t\t\t\t\t\t<p>La Paris Packaging Week 2023 a \u00e9t\u00e9 nomm\u00e9e \u00ab\u00a0Best International Trade Show\u00a0\u00bb lors des prestigieux Exhibition News Awards qui se sont d\u00e9roul\u00e9s \u00e0 Londres en mars dernier.<\/p>\t\t\t\t\t\t\t\t<\/div>\n\t\t\t\t<\/div>\n\t\t\t\t<div class=\"elementor-element elementor-element-b172ca1 elementor-widget elementor-widget-text-editor\" data-id=\"b172ca1\" data-element_type=\"widget\" data-widget_type=\"text-editor.default\">\n\t\t\t\t<div class=\"elementor-widget-container\">\n\t\t\t\t\t\t\t\t\t<p>Les Exhibition News Awards sont une c\u00e9l\u00e9bration annuelle de l&rsquo;industrie mondiale de l&rsquo;\u00e9v\u00e9nementiel \u00e0 Londres. Ils r\u00e9compensent les organisateurs, les fournisseurs, les sites et les personnes qui ont fait preuve d&rsquo;innovation, de cr\u00e9ativit\u00e9 et de r\u00e9ussite commerciale au cours de l&rsquo;ann\u00e9e \u00e9coul\u00e9e. Les prix couvrent un large \u00e9ventail de cat\u00e9gories, dont le meilleur salon professionnel, le meilleur salon international, le meilleur salon grand public, le meilleur site et le meilleur fournisseur.<\/p><p>Le 31 mars, nous avons re\u00e7u notre troph\u00e9e devant 1 000 personnes dans une cat\u00e9gorie qui comptait huit finalistes, dont des expositions B2B majeures \u00e0 travers le monde telles que : Breakbulk Europe 2022, Gulfood 2022, Africa Oil Week, Digital Enterprise Show, Licensing Expo, SBC Summit Barcelona et Space Tech Europe 2022.<\/p>\t\t\t\t\t\t\t\t<\/div>\n\t\t\t\t<\/div>\n\t\t\t\t<div class=\"elementor-element elementor-element-7ae5e23 elementor-widget elementor-widget-text-editor\" data-id=\"7ae5e23\" data-element_type=\"widget\" data-widget_type=\"text-editor.default\">\n\t\t\t\t<div class=\"elementor-widget-container\">\n\t\t\t\t\t\t\t\t\t<p>Aujourd&rsquo;hui, nous souhaitons remercier nos participants d&rsquo;avoir pris part \u00e0 l&rsquo;\u00e9dition de janvier 2023 de la Paris Packaging Week. Nos participants ont pris part \u00e0 un \u00e9v\u00e9nement record qui a attir\u00e9 pr\u00e8s de 9 000 concepteurs d&#8217;emballages et ing\u00e9nieurs du monde entier, soit une augmentation de 30 % par rapport \u00e0 l&rsquo;\u00e9dition de juin 2022.<\/p><p>Josh Brooks, directeur marketing de la Paris Packaging Week, d\u00e9clare : \u00ab\u00a0Je suis incroyablement fier que la Paris Packaging Week 2023 ait remport\u00e9 le prestigieux prix du \u00ab\u00a0Meilleur salon international\u00a0\u00bb aux Exhibition News Awards. Cette reconnaissance refl\u00e8te le travail acharn\u00e9 et le d\u00e9vouement de notre \u00e9quipe pour cr\u00e9er un \u00e9v\u00e9nement de classe mondiale qui rassemble le meilleur de l&rsquo;industrie de l&#8217;emballage. Nous sommes ravis d&rsquo;avoir re\u00e7u cet honneur et nous continuerons \u00e0 viser l&rsquo;excellence en offrant des exp\u00e9riences pr\u00e9cieuses \u00e0 tous nos participants.\u00a0\u00bb<\/p>\t\t\t\t\t\t\t\t<\/div>\n\t\t\t\t<\/div>\n\t\t\t\t<div class=\"elementor-element elementor-element-6d3083f elementor-align-left elementor-hidden-desktop elementor-hidden-tablet elementor-hidden-mobile elementor-widget elementor-widget-dynamic-button\" data-id=\"6d3083f\" data-element_type=\"widget\" data-settings=\"{&quot;_animation&quot;:&quot;none&quot;}\" data-widget_type=\"dynamic-button.default\">\n\t\t\t\t<div class=\"elementor-widget-container\">\n\t\t\t\t\t        <div class=\"elementor-button-wrapper\">\n            <a href=\"https:\/\/www.instagram.com\/vogis.gin\/\" target=\"_blank\" class=\"elementor-button-link elementor-button elementor-size-sm elementor-animation-grow\" role=\"button\">\n                        <span class=\"elementor-button-content-wrapper\">\n\t\t\t                <span class=\"elementor-button-icon elementor-align-icon-left\">\n\t\t\t\t<i aria-hidden=\"true\" class=\"fas fa-link\"><\/i>\t\t\t<\/span>\n            \t\t\t<span class=\"elementor-button-text\"><\/span>\n\t\t<\/span>\n                    <\/a>\n        <\/div>\n        \t\t\t\t<\/div>\n\t\t\t\t<\/div>\n\t\t\t\t<div class=\"elementor-element elementor-element-8b6e140 elementor-align-justify elementor-widget elementor-widget-dynamic-button\" data-id=\"8b6e140\" data-element_type=\"widget\" data-settings=\"{&quot;_animation&quot;:&quot;none&quot;}\" data-widget_type=\"dynamic-button.default\">\n\t\t\t\t<div class=\"elementor-widget-container\">\n\t\t\t\t\t        <div class=\"elementor-button-wrapper\">\n            <a href=\"https:\/\/www.parispackagingweek.com\/fr\/inscrivez-votre-interet\/\" target=\"_blank\" class=\"elementor-button-link elementor-button elementor-size-sm elementor-animation-grow\" role=\"button\">\n                        <span class=\"elementor-button-content-wrapper\">\n\t\t\t                <span class=\"elementor-button-icon elementor-align-icon-right\">\n\t\t\t\t<i aria-hidden=\"true\" class=\"fas fa-angle-right\"><\/i>\t\t\t<\/span>\n            \t\t\t<span class=\"elementor-button-text\">TENEZ-MOI INFORM\u00c9(E)<\/span>\n\t\t<\/span>\n                    <\/a>\n        <\/div>\n        \t\t\t\t<\/div>\n\t\t\t\t<\/div>\n\t\t\t\t<div class=\"elementor-element elementor-element-efee721 elementor-icon-list--layout-inline elementor-align-center elementor-tablet-align-center elementor-list-item-link-full_width elementor-widget elementor-widget-icon-list\" data-id=\"efee721\" data-element_type=\"widget\" data-widget_type=\"icon-list.default\">\n\t\t\t\t<div class=\"elementor-widget-container\">\n\t\t\t\t\t\t\t<ul class=\"elementor-icon-list-items elementor-inline-items\">\n\t\t\t\t\t\t\t<li class=\"elementor-icon-list-item elementor-inline-item\">\n\t\t\t\t\t\t\t\t\t\t\t<a href=\"https:\/\/www.facebook.com\/parispackagingweek\/\" target=\"_blank\">\n\n\t\t\t\t\t\t\t\t\t\t\t\t<span class=\"elementor-icon-list-icon\">\n\t\t\t\t\t\t\t<i aria-hidden=\"true\" class=\"fab fa-facebook-f\"><\/i>\t\t\t\t\t\t<\/span>\n\t\t\t\t\t\t\t\t\t\t<span class=\"elementor-icon-list-text\"><\/span>\n\t\t\t\t\t\t\t\t\t\t\t<\/a>\n\t\t\t\t\t\t\t\t\t<\/li>\n\t\t\t\t\t\t\t\t<li class=\"elementor-icon-list-item elementor-inline-item\">\n\t\t\t\t\t\t\t\t\t\t\t<a href=\"https:\/\/twitter.com\/parispackweek\/\" target=\"_blank\">\n\n\t\t\t\t\t\t\t\t\t\t\t\t<span class=\"elementor-icon-list-icon\">\n\t\t\t\t\t\t\t<i aria-hidden=\"true\" class=\"fab fa-twitter\"><\/i>\t\t\t\t\t\t<\/span>\n\t\t\t\t\t\t\t\t\t\t<span class=\"elementor-icon-list-text\"><\/span>\n\t\t\t\t\t\t\t\t\t\t\t<\/a>\n\t\t\t\t\t\t\t\t\t<\/li>\n\t\t\t\t\t\t\t\t<li class=\"elementor-icon-list-item elementor-inline-item\">\n\t\t\t\t\t\t\t\t\t\t\t<a href=\"https:\/\/www.linkedin.com\/showcase\/parispackagingweek\/\" target=\"_blank\">\n\n\t\t\t\t\t\t\t\t\t\t\t\t<span class=\"elementor-icon-list-icon\">\n\t\t\t\t\t\t\t<i aria-hidden=\"true\" class=\"fab fa-linkedin-in\"><\/i>\t\t\t\t\t\t<\/span>\n\t\t\t\t\t\t\t\t\t\t<span class=\"elementor-icon-list-text\"><\/span>\n\t\t\t\t\t\t\t\t\t\t\t<\/a>\n\t\t\t\t\t\t\t\t\t<\/li>\n\t\t\t\t\t\t\t\t<li class=\"elementor-icon-list-item elementor-inline-item\">\n\t\t\t\t\t\t\t\t\t\t\t<a href=\"https:\/\/www.instagram.com\/parispackagingweek\/\" target=\"_blank\">\n\n\t\t\t\t\t\t\t\t\t\t\t\t<span class=\"elementor-icon-list-icon\">\n\t\t\t\t\t\t\t<i aria-hidden=\"true\" class=\"fab fa-instagram\"><\/i>\t\t\t\t\t\t<\/span>\n\t\t\t\t\t\t\t\t\t\t<span class=\"elementor-icon-list-text\"><\/span>\n\t\t\t\t\t\t\t\t\t\t\t<\/a>\n\t\t\t\t\t\t\t\t\t<\/li>\n\t\t\t\t\t\t<\/ul>\n\t\t\t\t\t\t<\/div>\n\t\t\t\t<\/div>\n\t\t\t\t<div class=\"elementor-element elementor-element-403ea04 elementor-widget elementor-widget-heading\" data-id=\"403ea04\" data-element_type=\"widget\" data-widget_type=\"heading.default\">\n\t\t\t\t<div class=\"elementor-widget-container\">\n\t\t\t\t\t<h2 class=\"elementor-heading-title elementor-size-default\">Partagez cet article<\/h2>\t\t\t\t<\/div>\n\t\t\t\t<\/div>\n\t\t\t\t<div class=\"elementor-element elementor-element-52c65bf elementor-share-buttons--view-icon-text elementor-share-buttons--skin-gradient elementor-share-buttons--shape-square elementor-grid-0 elementor-share-buttons--color-official elementor-widget elementor-widget-share-buttons\" data-id=\"52c65bf\" data-element_type=\"widget\" data-widget_type=\"share-buttons.default\">\n\t\t\t\t<div class=\"elementor-widget-container\">\n\t\t\t\t\t\t\t<div class=\"elementor-grid\" role=\"list\">\n\t\t\t\t\t\t\t\t<div class=\"elementor-grid-item\" role=\"listitem\">\n\t\t\t\t\t\t<div class=\"elementor-share-btn elementor-share-btn_facebook\" role=\"button\" tabindex=\"0\" aria-label=\"Share on facebook\">\n\t\t\t\t\t\t\t\t\t\t\t\t\t\t\t<span class=\"elementor-share-btn__icon\">\n\t\t\t\t\t\t\t\t<i class=\"fab fa-facebook\" aria-hidden=\"true\"><\/i>\t\t\t\t\t\t\t<\/span>\n\t\t\t\t\t\t\t\t\t\t\t\t\t\t\t\t\t\t\t\t\t\t<div class=\"elementor-share-btn__text\">\n\t\t\t\t\t\t\t\t\t\t\t\t\t\t\t\t\t\t\t<span class=\"elementor-share-btn__title\">\n\t\t\t\t\t\t\t\t\t\tFacebook\t\t\t\t\t\t\t\t\t<\/span>\n\t\t\t\t\t\t\t\t\t\t\t\t\t\t\t\t\t<\/div>\n\t\t\t\t\t\t\t\t\t\t\t\t\t<\/div>\n\t\t\t\t\t<\/div>\n\t\t\t\t\t\t\t\t\t<div class=\"elementor-grid-item\" role=\"listitem\">\n\t\t\t\t\t\t<div class=\"elementor-share-btn elementor-share-btn_twitter\" role=\"button\" tabindex=\"0\" aria-label=\"Share on twitter\">\n\t\t\t\t\t\t\t\t\t\t\t\t\t\t\t<span class=\"elementor-share-btn__icon\">\n\t\t\t\t\t\t\t\t<i class=\"fab fa-twitter\" aria-hidden=\"true\"><\/i>\t\t\t\t\t\t\t<\/span>\n\t\t\t\t\t\t\t\t\t\t\t\t\t\t\t\t\t\t\t\t\t\t<div class=\"elementor-share-btn__text\">\n\t\t\t\t\t\t\t\t\t\t\t\t\t\t\t\t\t\t\t<span class=\"elementor-share-btn__title\">\n\t\t\t\t\t\t\t\t\t\tTwitter\t\t\t\t\t\t\t\t\t<\/span>\n\t\t\t\t\t\t\t\t\t\t\t\t\t\t\t\t\t<\/div>\n\t\t\t\t\t\t\t\t\t\t\t\t\t<\/div>\n\t\t\t\t\t<\/div>\n\t\t\t\t\t\t\t\t\t<div class=\"elementor-grid-item\" role=\"listitem\">\n\t\t\t\t\t\t<div class=\"elementor-share-btn elementor-share-btn_linkedin\" role=\"button\" tabindex=\"0\" aria-label=\"Share on linkedin\">\n\t\t\t\t\t\t\t\t\t\t\t\t\t\t\t<span class=\"elementor-share-btn__icon\">\n\t\t\t\t\t\t\t\t<i class=\"fab fa-linkedin\" aria-hidden=\"true\"><\/i>\t\t\t\t\t\t\t<\/span>\n\t\t\t\t\t\t\t\t\t\t\t\t\t\t\t\t\t\t\t\t\t\t<div class=\"elementor-share-btn__text\">\n\t\t\t\t\t\t\t\t\t\t\t\t\t\t\t\t\t\t\t<span class=\"elementor-share-btn__title\">\n\t\t\t\t\t\t\t\t\t\tLinkedIn\t\t\t\t\t\t\t\t\t<\/span>\n\t\t\t\t\t\t\t\t\t\t\t\t\t\t\t\t\t<\/div>\n\t\t\t\t\t\t\t\t\t\t\t\t\t<\/div>\n\t\t\t\t\t<\/div>\n\t\t\t\t\t\t<\/div>\n\t\t\t\t\t\t<\/div>\n\t\t\t\t<\/div>\n\t\t\t\t\t<\/div>\n\t\t<\/div>\n\t\t\t\t<div class=\"elementor-column elementor-col-25 elementor-top-column elementor-element elementor-element-8f6aa53\" data-id=\"8f6aa53\" data-element_type=\"column\" data-settings=\"{&quot;background_background&quot;:&quot;classic&quot;}\">\n\t\t\t<div class=\"elementor-widget-wrap elementor-element-populated\">\n\t\t\t\t\t\t<div class=\"elementor-element elementor-element-860a842 elementor-widget elementor-widget-theme-post-featured-image elementor-widget-image\" data-id=\"860a842\" data-element_type=\"widget\" data-widget_type=\"theme-post-featured-image.default\">\n\t\t\t\t<div class=\"elementor-widget-container\">\n\t\t\t\t\t\t\t\t\t\t\t\t\t\t\t<img decoding=\"async\" width=\"1200\" height=\"626\" src=\"https:\/\/easyfairsassets.com\/sites\/61\/2023\/04\/en-awards-feature-image.png\" class=\"attachment-full size-full wp-image-267448\" alt=\"EN Awards Feature Image\" srcset=\"https:\/\/easyfairsassets.com\/sites\/61\/2023\/04\/en-awards-feature-image.png 1200w, https:\/\/easyfairsassets.com\/sites\/61\/2023\/04\/en-awards-feature-image-300x157.png 300w, https:\/\/easyfairsassets.com\/sites\/61\/2023\/04\/en-awards-feature-image-768x401.png 768w\" sizes=\"(max-width: 1200px) 100vw, 1200px\" \/>\t\t\t\t\t\t\t\t\t\t\t\t\t\t\t<\/div>\n\t\t\t\t<\/div>\n\t\t\t\t<div class=\"elementor-element elementor-element-efc2ed7 elementor-hidden-desktop elementor-hidden-tablet elementor-hidden-mobile elementor-widget elementor-widget-text-editor\" data-id=\"efc2ed7\" data-element_type=\"widget\" data-widget_type=\"text-editor.default\">\n\t\t\t\t<div class=\"elementor-widget-container\">\n\t\t\t\t\t\t\t\t\tLorem ipsum dolor sit amet, consectetur adipiscing elit Lorem ipsum dolor sit amet, consectetur adipiscing elit\t\t\t\t\t\t\t\t<\/div>\n\t\t\t\t<\/div>\n\t\t\t\t<div class=\"elementor-element elementor-element-2e19583 elementor-hidden-desktop elementor-hidden-tablet elementor-hidden-mobile elementor-widget elementor-widget-wp-widget-adsanity-single\" data-id=\"2e19583\" data-element_type=\"widget\" data-settings=\"{&quot;sticky&quot;:&quot;top&quot;,&quot;sticky_offset&quot;:140,&quot;sticky_on&quot;:[&quot;desktop&quot;,&quot;tablet&quot;],&quot;sticky_offset_tablet&quot;:150,&quot;sticky_effects_offset&quot;:0,&quot;sticky_anchor_link_offset&quot;:0}\" data-widget_type=\"wp-widget-adsanity-single.default\">\n\t\t\t\t<div class=\"elementor-widget-container\">\n\t\t\t\t\t\n<div id=\"ad-65633\" class=\"ad-426x249 adsanity-426x249  adsanity-\"\n><div class=\"adsanity-inner\">\n\n<div class=\"adsanity-gati\" data-title=\"Horizontal example\"><a rel=\"nofollow\" href=\"https:\/\/www.parispackagingweek.com\/fr\/ads\/horizontal-example\/\"  target=\"_blank\"><img decoding=\"async\" width=\"426\" height=\"249\" src=\"https:\/\/easyfairsassets.com\/sites\/61\/2022\/04\/426-x-249_Yoga.jpg\" class=\"no-lazy-load wp-post-image\" alt=\"\" srcset=\"https:\/\/easyfairsassets.com\/sites\/61\/2022\/04\/426-x-249_Yoga.jpg 426w, https:\/\/easyfairsassets.com\/sites\/61\/2022\/04\/426-x-249_Yoga-300x175.jpg 300w\" sizes=\"(max-width: 426px) 100vw, 426px\" \/><\/a><\/div>\n<\/div><\/div>\n\n\t\t\t\t<\/div>\n\t\t\t\t<\/div>\n\t\t\t\t<div class=\"elementor-element elementor-element-aa2e5ad elementor-widget elementor-widget-spacer\" data-id=\"aa2e5ad\" data-element_type=\"widget\" data-widget_type=\"spacer.default\">\n\t\t\t\t<div class=\"elementor-widget-container\">\n\t\t\t\t\t\t\t<div class=\"elementor-spacer\">\n\t\t\t<div class=\"elementor-spacer-inner\"><\/div>\n\t\t<\/div>\n\t\t\t\t\t\t<\/div>\n\t\t\t\t<\/div>\n\t\t\t\t<div class=\"elementor-element elementor-element-a188940 elementor-widget elementor-widget-heading\" data-id=\"a188940\" data-element_type=\"widget\" data-widget_type=\"heading.default\">\n\t\t\t\t<div class=\"elementor-widget-container\">\n\t\t\t\t\t<h2 class=\"elementor-heading-title elementor-size-default\">Les derniers articles de la Paris Packaging Week<\/h2>\t\t\t\t<\/div>\n\t\t\t\t<\/div>\n\t\t\t\t<div class=\"elementor-element elementor-element-607271b elementor-posts--align-left elementor-grid-2 elementor-grid-tablet-1 elementor-grid-mobile-1 elementor-posts--thumbnail-top elementor-widget elementor-widget-posts\" data-id=\"607271b\" data-element_type=\"widget\" data-settings=\"{&quot;classic_row_gap&quot;:{&quot;unit&quot;:&quot;px&quot;,&quot;size&quot;:&quot;49&quot;,&quot;sizes&quot;:[]},&quot;classic_columns&quot;:&quot;2&quot;,&quot;classic_columns_tablet&quot;:&quot;1&quot;,&quot;classic_row_gap_tablet&quot;:{&quot;unit&quot;:&quot;px&quot;,&quot;size&quot;:20,&quot;sizes&quot;:[]},&quot;classic_columns_mobile&quot;:&quot;1&quot;,&quot;classic_row_gap_mobile&quot;:{&quot;unit&quot;:&quot;px&quot;,&quot;size&quot;:&quot;&quot;,&quot;sizes&quot;:[]}}\" data-widget_type=\"posts.classic\">\n\t\t\t\t<div class=\"elementor-widget-container\">\n\t\t\t\t\t\t\t<div class=\"elementor-posts-container elementor-posts elementor-posts--skin-classic elementor-grid\" role=\"list\">\n\t\t\t\t<article class=\"elementor-post elementor-grid-item post-500061 post type-post status-publish format-standard has-post-thumbnail hentry category-beauty category-design-2 category-innovation-2 category-luxury-2 category-trends-2\" role=\"listitem\">\n\t\t\t\t<a class=\"elementor-post__thumbnail__link\" href=\"https:\/\/www.parispackagingweek.com\/fr\/2026\/04\/28\/aptar-accompagne-clarins-avec-un-packaging-sur-mesure-pour-le-double-serum-fond-de-teint\/\" tabindex=\"-1\" >\n\t\t\t<div class=\"elementor-post__thumbnail\"><img loading=\"lazy\" decoding=\"async\" width=\"1200\" height=\"626\" src=\"https:\/\/easyfairsassets.com\/sites\/61\/2026\/04\/Article-website-Clarins-Double-Serum-Foundation.png\" class=\"attachment-full size-full wp-image-500062\" alt=\"Clarins Double Serum Foundation\" srcset=\"https:\/\/easyfairsassets.com\/sites\/61\/2026\/04\/Article-website-Clarins-Double-Serum-Foundation.png 1200w, https:\/\/easyfairsassets.com\/sites\/61\/2026\/04\/Article-website-Clarins-Double-Serum-Foundation-300x157.png 300w, https:\/\/easyfairsassets.com\/sites\/61\/2026\/04\/Article-website-Clarins-Double-Serum-Foundation-768x401.png 768w\" sizes=\"(max-width: 1200px) 100vw, 1200px\" \/><\/div>\n\t\t<\/a>\n\t\t\t\t<div class=\"elementor-post__text\">\n\t\t\t\t<h3 class=\"elementor-post__title\">\n\t\t\t<a href=\"https:\/\/www.parispackagingweek.com\/fr\/2026\/04\/28\/aptar-accompagne-clarins-avec-un-packaging-sur-mesure-pour-le-double-serum-fond-de-teint\/\" >\n\t\t\t\tAptar accompagne Clarins avec un packaging sur mesure pour le Double Serum Fond de Teint\t\t\t<\/a>\n\t\t<\/h3>\n\t\t\t\t<\/div>\n\t\t\t\t<\/article>\n\t\t\t\t<article class=\"elementor-post elementor-grid-item post-500016 post type-post status-publish format-standard has-post-thumbnail hentry category-drinks category-innovation-2 category-luxury-2 category-trends-2\" role=\"listitem\">\n\t\t\t\t<a class=\"elementor-post__thumbnail__link\" href=\"https:\/\/www.parispackagingweek.com\/fr\/2026\/04\/28\/le-nouveau-pack-captain-morgan-sliced-arrive-en-canette-prete-a-boire\/\" tabindex=\"-1\" >\n\t\t\t<div class=\"elementor-post__thumbnail\"><img loading=\"lazy\" decoding=\"async\" width=\"1200\" height=\"626\" src=\"https:\/\/easyfairsassets.com\/sites\/61\/2026\/04\/Article-visual-2.png\" class=\"attachment-full size-full wp-image-500019\" alt=\"\" srcset=\"https:\/\/easyfairsassets.com\/sites\/61\/2026\/04\/Article-visual-2.png 1200w, https:\/\/easyfairsassets.com\/sites\/61\/2026\/04\/Article-visual-2-300x157.png 300w, https:\/\/easyfairsassets.com\/sites\/61\/2026\/04\/Article-visual-2-768x401.png 768w\" sizes=\"(max-width: 1200px) 100vw, 1200px\" \/><\/div>\n\t\t<\/a>\n\t\t\t\t<div class=\"elementor-post__text\">\n\t\t\t\t<h3 class=\"elementor-post__title\">\n\t\t\t<a href=\"https:\/\/www.parispackagingweek.com\/fr\/2026\/04\/28\/le-nouveau-pack-captain-morgan-sliced-arrive-en-canette-prete-a-boire\/\" >\n\t\t\t\tLe nouveau pack Captain Morgan Sliced arrive en canette pr\u00eate \u00e0 boire\t\t\t<\/a>\n\t\t<\/h3>\n\t\t\t\t<\/div>\n\t\t\t\t<\/article>\n\t\t\t\t<article class=\"elementor-post elementor-grid-item post-500017 post type-post status-publish format-standard has-post-thumbnail hentry category-beauty category-design-2 category-innovation-2 category-luxury-2 category-trends-2\" role=\"listitem\">\n\t\t\t\t<a class=\"elementor-post__thumbnail__link\" href=\"https:\/\/www.parispackagingweek.com\/fr\/2026\/04\/23\/quadpack-devoile-lotus-pod-lapplicateur-effet-froid-nouvelle-generation\/\" tabindex=\"-1\" >\n\t\t\t<div class=\"elementor-post__thumbnail\"><img loading=\"lazy\" decoding=\"async\" width=\"1200\" height=\"626\" src=\"https:\/\/easyfairsassets.com\/sites\/61\/2026\/04\/Article-website-Quadpack-Lotus-Pod.png\" class=\"attachment-full size-full wp-image-500029\" alt=\"Quadpack Lotus Pod\" srcset=\"https:\/\/easyfairsassets.com\/sites\/61\/2026\/04\/Article-website-Quadpack-Lotus-Pod.png 1200w, https:\/\/easyfairsassets.com\/sites\/61\/2026\/04\/Article-website-Quadpack-Lotus-Pod-300x157.png 300w, https:\/\/easyfairsassets.com\/sites\/61\/2026\/04\/Article-website-Quadpack-Lotus-Pod-768x401.png 768w\" sizes=\"(max-width: 1200px) 100vw, 1200px\" \/><\/div>\n\t\t<\/a>\n\t\t\t\t<div class=\"elementor-post__text\">\n\t\t\t\t<h3 class=\"elementor-post__title\">\n\t\t\t<a href=\"https:\/\/www.parispackagingweek.com\/fr\/2026\/04\/23\/quadpack-devoile-lotus-pod-lapplicateur-effet-froid-nouvelle-generation\/\" >\n\t\t\t\tQuadpack d\u00e9voile Lotus Pod, l\u2019applicateur effet froid nouvelle g\u00e9n\u00e9ration\t\t\t<\/a>\n\t\t<\/h3>\n\t\t\t\t<\/div>\n\t\t\t\t<\/article>\n\t\t\t\t<article class=\"elementor-post elementor-grid-item post-499997 post type-post status-publish format-standard has-post-thumbnail hentry category-drinks category-innovation-2 category-luxury-2 category-trends-2\" role=\"listitem\">\n\t\t\t\t<a class=\"elementor-post__thumbnail__link\" href=\"https:\/\/www.parispackagingweek.com\/fr\/2026\/04\/22\/remy-cointreau-modernise-lidentite-visuelle-de-metaxa\/\" tabindex=\"-1\" >\n\t\t\t<div class=\"elementor-post__thumbnail\"><img loading=\"lazy\" decoding=\"async\" width=\"1200\" height=\"626\" src=\"https:\/\/easyfairsassets.com\/sites\/61\/2026\/04\/Untitled-1.png\" class=\"attachment-full size-full wp-image-499999\" alt=\"\" srcset=\"https:\/\/easyfairsassets.com\/sites\/61\/2026\/04\/Untitled-1.png 1200w, https:\/\/easyfairsassets.com\/sites\/61\/2026\/04\/Untitled-1-300x157.png 300w, https:\/\/easyfairsassets.com\/sites\/61\/2026\/04\/Untitled-1-768x401.png 768w\" sizes=\"(max-width: 1200px) 100vw, 1200px\" \/><\/div>\n\t\t<\/a>\n\t\t\t\t<div class=\"elementor-post__text\">\n\t\t\t\t<h3 class=\"elementor-post__title\">\n\t\t\t<a href=\"https:\/\/www.parispackagingweek.com\/fr\/2026\/04\/22\/remy-cointreau-modernise-lidentite-visuelle-de-metaxa\/\" >\n\t\t\t\tR\u00e9my Cointreau modernise l&rsquo;identit\u00e9 visuelle de Metaxa\t\t\t<\/a>\n\t\t<\/h3>\n\t\t\t\t<\/div>\n\t\t\t\t<\/article>\n\t\t\t\t<article class=\"elementor-post elementor-grid-item post-499932 post type-post status-publish format-standard has-post-thumbnail hentry category-drinks category-innovation-2 category-luxury-2 category-trends-2\" role=\"listitem\">\n\t\t\t\t<a class=\"elementor-post__thumbnail__link\" href=\"https:\/\/www.parispackagingweek.com\/fr\/2026\/04\/16\/de-lartisanat-au-patrimoine-comment-les-spiritueux-sinspirent-des-nouvelles-tendances-en-matiere-de-design\/\" tabindex=\"-1\" >\n\t\t\t<div class=\"elementor-post__thumbnail\"><img loading=\"lazy\" decoding=\"async\" width=\"1200\" height=\"626\" src=\"https:\/\/easyfairsassets.com\/sites\/61\/2026\/04\/Untitled-2.png\" class=\"attachment-full size-full wp-image-499934\" alt=\"\" srcset=\"https:\/\/easyfairsassets.com\/sites\/61\/2026\/04\/Untitled-2.png 1200w, https:\/\/easyfairsassets.com\/sites\/61\/2026\/04\/Untitled-2-300x157.png 300w, https:\/\/easyfairsassets.com\/sites\/61\/2026\/04\/Untitled-2-768x401.png 768w\" sizes=\"(max-width: 1200px) 100vw, 1200px\" \/><\/div>\n\t\t<\/a>\n\t\t\t\t<div class=\"elementor-post__text\">\n\t\t\t\t<h3 class=\"elementor-post__title\">\n\t\t\t<a href=\"https:\/\/www.parispackagingweek.com\/fr\/2026\/04\/16\/de-lartisanat-au-patrimoine-comment-les-spiritueux-sinspirent-des-nouvelles-tendances-en-matiere-de-design\/\" >\n\t\t\t\tDe l&rsquo;artisanat au patrimoine : comment les spiritueux s&rsquo;inspirent des nouvelles tendances en mati\u00e8re de design\t\t\t<\/a>\n\t\t<\/h3>\n\t\t\t\t<\/div>\n\t\t\t\t<\/article>\n\t\t\t\t<article class=\"elementor-post elementor-grid-item post-499919 post type-post status-publish format-standard has-post-thumbnail hentry category-beauty category-design-2 category-luxury-2 category-trends-2\" role=\"listitem\">\n\t\t\t\t<a class=\"elementor-post__thumbnail__link\" href=\"https:\/\/www.parispackagingweek.com\/fr\/2026\/04\/16\/un-sac-emblematique-de-dior-devient-linspiration-dun-nouveau-parfum\/\" tabindex=\"-1\" >\n\t\t\t<div class=\"elementor-post__thumbnail\"><img loading=\"lazy\" decoding=\"async\" width=\"1200\" height=\"626\" src=\"https:\/\/easyfairsassets.com\/sites\/61\/2026\/04\/Article-website-Dior-Cuir-Saddle-Parfum.png\" class=\"attachment-full size-full wp-image-499929\" alt=\"Dior Cuir Saddle Parfum\" srcset=\"https:\/\/easyfairsassets.com\/sites\/61\/2026\/04\/Article-website-Dior-Cuir-Saddle-Parfum.png 1200w, https:\/\/easyfairsassets.com\/sites\/61\/2026\/04\/Article-website-Dior-Cuir-Saddle-Parfum-300x157.png 300w, https:\/\/easyfairsassets.com\/sites\/61\/2026\/04\/Article-website-Dior-Cuir-Saddle-Parfum-768x401.png 768w\" sizes=\"(max-width: 1200px) 100vw, 1200px\" \/><\/div>\n\t\t<\/a>\n\t\t\t\t<div class=\"elementor-post__text\">\n\t\t\t\t<h3 class=\"elementor-post__title\">\n\t\t\t<a href=\"https:\/\/www.parispackagingweek.com\/fr\/2026\/04\/16\/un-sac-emblematique-de-dior-devient-linspiration-dun-nouveau-parfum\/\" >\n\t\t\t\tUn sac embl\u00e9matique de Dior devient l\u2019inspiration d\u2019un nouveau parfum\t\t\t<\/a>\n\t\t<\/h3>\n\t\t\t\t<\/div>\n\t\t\t\t<\/article>\n\t\t\t\t<article class=\"elementor-post elementor-grid-item post-499921 post type-post status-publish format-standard has-post-thumbnail hentry category-drinks category-innovation-2 category-luxury-2 category-trends-2\" role=\"listitem\">\n\t\t\t\t<a class=\"elementor-post__thumbnail__link\" href=\"https:\/\/www.parispackagingweek.com\/fr\/2026\/04\/16\/saint-james-celebre-son-260e-anniversaire-avec-elegance-un-rhum-en-edition-limitee\/\" tabindex=\"-1\" >\n\t\t\t<div class=\"elementor-post__thumbnail\"><img loading=\"lazy\" decoding=\"async\" width=\"1200\" height=\"626\" src=\"https:\/\/easyfairsassets.com\/sites\/61\/2026\/04\/Untitled.png\" class=\"attachment-full size-full wp-image-499923\" alt=\"\" srcset=\"https:\/\/easyfairsassets.com\/sites\/61\/2026\/04\/Untitled.png 1200w, https:\/\/easyfairsassets.com\/sites\/61\/2026\/04\/Untitled-300x157.png 300w, https:\/\/easyfairsassets.com\/sites\/61\/2026\/04\/Untitled-768x401.png 768w\" sizes=\"(max-width: 1200px) 100vw, 1200px\" \/><\/div>\n\t\t<\/a>\n\t\t\t\t<div class=\"elementor-post__text\">\n\t\t\t\t<h3 class=\"elementor-post__title\">\n\t\t\t<a href=\"https:\/\/www.parispackagingweek.com\/fr\/2026\/04\/16\/saint-james-celebre-son-260e-anniversaire-avec-elegance-un-rhum-en-edition-limitee\/\" >\n\t\t\t\tSaint James c\u00e9l\u00e8bre son 260e anniversaire avec \u00ab El\u00e9gance \u00bb, un rhum en \u00e9dition limit\u00e9e\t\t\t<\/a>\n\t\t<\/h3>\n\t\t\t\t<\/div>\n\t\t\t\t<\/article>\n\t\t\t\t<article class=\"elementor-post elementor-grid-item post-499887 post type-post status-publish format-standard has-post-thumbnail hentry category-aerosols-dispensing-2 category-aerosols-dispensing-3 category-business-2 category-design-2 category-sustainability-2 category-trends-2\" role=\"listitem\">\n\t\t\t\t<a class=\"elementor-post__thumbnail__link\" href=\"https:\/\/www.parispackagingweek.com\/fr\/2026\/04\/16\/kiss-colors-care-devoile-une-nouvelle-gamme-aerosol-pour-cheveux-textures\/\" tabindex=\"-1\" >\n\t\t\t<div class=\"elementor-post__thumbnail\"><img loading=\"lazy\" decoding=\"async\" width=\"1200\" height=\"626\" src=\"https:\/\/easyfairsassets.com\/sites\/61\/2026\/04\/Kiss-colors.png\" class=\"attachment-full size-full wp-image-499891\" alt=\"Paris Packaging Week | KISS Colors &amp; Care unveils new aerosol range for textured hair\" srcset=\"https:\/\/easyfairsassets.com\/sites\/61\/2026\/04\/Kiss-colors.png 1200w, https:\/\/easyfairsassets.com\/sites\/61\/2026\/04\/Kiss-colors-300x157.png 300w, https:\/\/easyfairsassets.com\/sites\/61\/2026\/04\/Kiss-colors-768x401.png 768w\" sizes=\"(max-width: 1200px) 100vw, 1200px\" \/><\/div>\n\t\t<\/a>\n\t\t\t\t<div class=\"elementor-post__text\">\n\t\t\t\t<h3 class=\"elementor-post__title\">\n\t\t\t<a href=\"https:\/\/www.parispackagingweek.com\/fr\/2026\/04\/16\/kiss-colors-care-devoile-une-nouvelle-gamme-aerosol-pour-cheveux-textures\/\" >\n\t\t\t\tKISS Colors &amp; Care d\u00e9voile une nouvelle gamme a\u00e9rosol pour cheveux textur\u00e9s\t\t\t<\/a>\n\t\t<\/h3>\n\t\t\t\t<\/div>\n\t\t\t\t<\/article>\n\t\t\t\t<\/div>\n\t\t\n\t\t\t\t\t\t<\/div>\n\t\t\t\t<\/div>\n\t\t\t\t<div class=\"elementor-element elementor-element-09093d9 elementor-align-justify elementor-widget elementor-widget-dynamic-button\" data-id=\"09093d9\" data-element_type=\"widget\" data-settings=\"{&quot;_animation&quot;:&quot;none&quot;}\" data-widget_type=\"dynamic-button.default\">\n\t\t\t\t<div class=\"elementor-widget-container\">\n\t\t\t\t\t        <div class=\"elementor-button-wrapper\">\n            <a href=\"https:\/\/www.parispackagingweek.com\/fr\/newsletter\/\" class=\"elementor-button-link elementor-button elementor-size-sm elementor-animation-grow\" role=\"button\">\n                        <span class=\"elementor-button-content-wrapper\">\n\t\t\t                <span class=\"elementor-button-icon elementor-align-icon-right\">\n\t\t\t\t<i aria-hidden=\"true\" class=\"fas fa-angle-right\"><\/i>\t\t\t<\/span>\n            \t\t\t<span class=\"elementor-button-text\">abonnez-vous \u00e0 la newsletter du salon<\/span>\n\t\t<\/span>\n                    <\/a>\n        <\/div>\n        \t\t\t\t<\/div>\n\t\t\t\t<\/div>\n\t\t\t\t\t<\/div>\n\t\t<\/div>\n\t\t\t\t<div class=\"elementor-column elementor-col-25 elementor-top-column elementor-element elementor-element-5e0c966\" data-id=\"5e0c966\" data-element_type=\"column\">\n\t\t\t<div class=\"elementor-widget-wrap\">\n\t\t\t\t\t\t\t<\/div>\n\t\t<\/div>\n\t\t\t\t\t<\/div>\n\t\t<\/section>\n\t\t\t\t<\/div>\n\t\t","protected":false},"excerpt":{"rendered":"<p>La Paris Packaging Week 2023 a \u00e9t\u00e9 nomm\u00e9e \u00ab\u00a0Best International Trade Show\u00a0\u00bb lors des prestigieux Exhibition News Awards qui<\/p>\n","protected":false},"author":325,"featured_media":267448,"comment_status":"closed","ping_status":"open","sticky":false,"template":"","format":"standard","meta":{"_seopress_robots_primary_cat":"none","_seopress_titles_title":"Paris Packaging Week | Press release | Paris Packaging Week 2023 a re\u00e7u le prix du &#039;Meilleur Salon International&#039;","_seopress_titles_desc":"La Paris Packaging Week 2023 a \u00e9t\u00e9 nomm\u00e9e &quot;Best International Trade Show&quot; lors des prestigieux Exhibition News Awards qui se sont d\u00e9roul\u00e9s \u00e0 Londres en mars dernier.","_seopress_robots_index":"","footnotes":""},"categories":[119,117,114,118],"tags":[],"edition":[],"class_list":["post-267445","post","type-post","status-publish","format-standard","has-post-thumbnail","hentry","category-business-2","category-event-news-2","category-luxury-2","category-sustainability-2"],"_links":{"self":[{"href":"https:\/\/www.parispackagingweek.com\/fr\/wp-json\/wp\/v2\/posts\/267445","targetHints":{"allow":["GET"]}}],"collection":[{"href":"https:\/\/www.parispackagingweek.com\/fr\/wp-json\/wp\/v2\/posts"}],"about":[{"href":"https:\/\/www.parispackagingweek.com\/fr\/wp-json\/wp\/v2\/types\/post"}],"author":[{"embeddable":true,"href":"https:\/\/www.parispackagingweek.com\/fr\/wp-json\/wp\/v2\/users\/325"}],"replies":[{"embeddable":true,"href":"https:\/\/www.parispackagingweek.com\/fr\/wp-json\/wp\/v2\/comments?post=267445"}],"version-history":[{"count":5,"href":"https:\/\/www.parispackagingweek.com\/fr\/wp-json\/wp\/v2\/posts\/267445\/revisions"}],"predecessor-version":[{"id":290591,"href":"https:\/\/www.parispackagingweek.com\/fr\/wp-json\/wp\/v2\/posts\/267445\/revisions\/290591"}],"wp:featuredmedia":[{"embeddable":true,"href":"https:\/\/www.parispackagingweek.com\/fr\/wp-json\/wp\/v2\/media\/267448"}],"wp:attachment":[{"href":"https:\/\/www.parispackagingweek.com\/fr\/wp-json\/wp\/v2\/media?parent=267445"}],"wp:term":[{"taxonomy":"category","embeddable":true,"href":"https:\/\/www.parispackagingweek.com\/fr\/wp-json\/wp\/v2\/categories?post=267445"},{"taxonomy":"post_tag","embeddable":true,"href":"https:\/\/www.parispackagingweek.com\/fr\/wp-json\/wp\/v2\/tags?post=267445"},{"taxonomy":"edition","embeddable":true,"href":"https:\/\/www.parispackagingweek.com\/fr\/wp-json\/wp\/v2\/edition?post=267445"}],"curies":[{"name":"wp","href":"https:\/\/api.w.org\/{rel}","templated":true}]}}