{"id":488194,"date":"2025-12-03T10:37:13","date_gmt":"2025-12-03T09:37:13","guid":{"rendered":"https:\/\/www.parispackagingweek.com\/?p=488194"},"modified":"2025-12-03T10:46:17","modified_gmt":"2025-12-03T09:46:17","slug":"interview-exclusive-helen-yang-future-leaders-2026","status":"publish","type":"post","link":"https:\/\/www.parispackagingweek.com\/fr\/2025\/12\/03\/interview-exclusive-helen-yang-future-leaders-2026\/","title":{"rendered":"Interview exclusive | Helen Yang, Future Leaders 2026"},"content":{"rendered":"\t\t<div data-elementor-type=\"wp-post\" data-elementor-id=\"488194\" class=\"elementor elementor-488194\" data-elementor-post-type=\"post\">\n\t\t\t\t\t\t<section class=\"elementor-section elementor-top-section elementor-element elementor-element-c04a20a elementor-section-full_width elementor-section-height-default elementor-section-height-default\" data-id=\"c04a20a\" data-element_type=\"section\" data-settings=\"{&quot;background_background&quot;:&quot;classic&quot;}\">\n\t\t\t\t\t\t<div class=\"elementor-container elementor-column-gap-custom\">\n\t\t\t\t\t<div class=\"elementor-column elementor-col-50 elementor-top-column elementor-element elementor-element-35239d0\" data-id=\"35239d0\" data-element_type=\"column\">\n\t\t\t<div class=\"elementor-widget-wrap\">\n\t\t\t\t\t\t\t<\/div>\n\t\t<\/div>\n\t\t\t\t<div class=\"elementor-column elementor-col-50 elementor-top-column elementor-element elementor-element-d6b5024\" data-id=\"d6b5024\" data-element_type=\"column\">\n\t\t\t<div class=\"elementor-widget-wrap elementor-element-populated\">\n\t\t\t\t\t\t<div class=\"elementor-element elementor-element-3a6ad1b elementor-widget elementor-widget-theme-post-title elementor-page-title elementor-widget-heading\" data-id=\"3a6ad1b\" data-element_type=\"widget\" data-widget_type=\"theme-post-title.default\">\n\t\t\t\t<div class=\"elementor-widget-container\">\n\t\t\t\t\t<h1 class=\"elementor-heading-title elementor-size-default\">Interview exclusive | Helen Yang, Future Leaders 2026<\/h1>\t\t\t\t<\/div>\n\t\t\t\t<\/div>\n\t\t\t\t\t<\/div>\n\t\t<\/div>\n\t\t\t\t\t<\/div>\n\t\t<\/section>\n\t\t\t\t<section class=\"elementor-section elementor-top-section elementor-element elementor-element-4dfaf9c elementor-section-full_width elementor-section-height-default elementor-section-height-default\" data-id=\"4dfaf9c\" data-element_type=\"section\" data-settings=\"{&quot;background_background&quot;:&quot;classic&quot;}\">\n\t\t\t\t\t\t<div class=\"elementor-container elementor-column-gap-default\">\n\t\t\t\t\t<div class=\"elementor-column elementor-col-25 elementor-top-column elementor-element elementor-element-6d940a7\" data-id=\"6d940a7\" data-element_type=\"column\">\n\t\t\t<div class=\"elementor-widget-wrap elementor-element-populated\">\n\t\t\t\t\t\t\t<\/div>\n\t\t<\/div>\n\t\t\t\t<div class=\"elementor-column elementor-col-25 elementor-top-column elementor-element elementor-element-9956d49\" data-id=\"9956d49\" data-element_type=\"column\">\n\t\t\t<div class=\"elementor-widget-wrap elementor-element-populated\">\n\t\t\t\t\t\t<div class=\"elementor-element elementor-element-ee9acd9 elementor-widget elementor-widget-post-info\" data-id=\"ee9acd9\" data-element_type=\"widget\" data-widget_type=\"post-info.default\">\n\t\t\t\t<div class=\"elementor-widget-container\">\n\t\t\t\t\t\t\t<ul class=\"elementor-icon-list-items elementor-post-info\">\n\t\t\t\t\t\t\t\t<li class=\"elementor-icon-list-item elementor-repeater-item-bdf8f56\" itemprop=\"datePublished\">\n\t\t\t\t\t\t<a href=\"https:\/\/www.parispackagingweek.com\/fr\/2025\/12\/03\/\">\n\t\t\t\t\t\t\t\t\t\t\t\t\t\t<span class=\"elementor-icon-list-text elementor-post-info__item elementor-post-info__item--type-date\">\n\t\t\t\t\t\t\t\t\t\t<time>d\u00e9cembre 3, 2025<\/time>\t\t\t\t\t<\/span>\n\t\t\t\t\t\t\t\t\t<\/a>\n\t\t\t\t<\/li>\n\t\t\t\t<\/ul>\n\t\t\t\t\t\t<\/div>\n\t\t\t\t<\/div>\n\t\t\t\t<div class=\"elementor-element elementor-element-dd33671 elementor-widget elementor-widget-text-editor\" data-id=\"dd33671\" data-element_type=\"widget\" data-widget_type=\"text-editor.default\">\n\t\t\t\t<div class=\"elementor-widget-container\">\n\t\t\t\t\t\t\t\t\t<p>Chimiste de formation, avec une sp\u00e9cialisation en chimie synth\u00e9tique de l&rsquo;universit\u00e9 Columbia, Helen Yang est la fondatrice de Clement Packaging, une entreprise bas\u00e9e \u00e0 San Francisco qui propose des emballages innovants, compostables et \u00e0 base de plantes pour les biens de consommation.<\/p>\t\t\t\t\t\t\t\t<\/div>\n\t\t\t\t<\/div>\n\t\t\t\t<div class=\"elementor-element elementor-element-034a556 elementor-widget elementor-widget-text-editor\" data-id=\"034a556\" data-element_type=\"widget\" data-widget_type=\"text-editor.default\">\n\t\t\t\t<div class=\"elementor-widget-container\">\n\t\t\t\t\t\t\t\t\t<p>Qu&rsquo;est-ce<strong> qui vous a pouss\u00e9 \u00e0 faire carri\u00e8re dans l&rsquo;industrie de l&#8217;emballage ?<\/strong><\/p><p>Helen Yang &#8211; J&rsquo;ai commenc\u00e9 ma carri\u00e8re en tant que chimiste cosm\u00e9tique, d\u00e9veloppant des formules \u00ab propres \u00bb et durables pour des marques de beaut\u00e9 et de soins personnels. Cependant, j&rsquo;\u00e9tais constamment confront\u00e9e \u00e0 une contradiction : quelle que soit la durabilit\u00e9 du produit contenu dans l&#8217;emballage, nous les conditionnions dans du plastique destin\u00e9 \u00e0 finir dans les d\u00e9charges. Je contribuais visc\u00e9ralement au probl\u00e8me de la pollution plastique avec chaque produit que je lan\u00e7ais.<\/p><p>J&rsquo;ai r\u00e9alis\u00e9 qu&rsquo;il ne suffisait pas de se concentrer uniquement sur la formulation ; les produits de qualit\u00e9 doivent \u00e9galement \u00eatre conditionn\u00e9s dans des emballages s\u00fbrs et durables. En tant que chimiste, lorsque je n&rsquo;ai pas r\u00e9ussi \u00e0 trouver de mat\u00e9riau d&#8217;emballage \u00e0 base de plantes, sans toxines, stable et durable, j&rsquo;ai d\u00e9cid\u00e9 d&rsquo;inventer le mien et de soutenir l&rsquo;industrie que j&rsquo;aime.<\/p><p><strong>Quel est l&rsquo;un des plus grands d\u00e9fis auxquels vous avez \u00e9t\u00e9 confront\u00e9e en tant que jeune leader dans l&rsquo;industrie de l&#8217;emballage ?<\/strong><\/p><p>Helen Yang &#8211; Notre plus grand d\u00e9fi a \u00e9t\u00e9 de trouver l&rsquo;\u00e9quilibre entre durabilit\u00e9 et compostabilit\u00e9 dans un mat\u00e9riau d&#8217;emballage. Il existe d\u00e9j\u00e0 des alternatives compostables aux plastiques \u00e0 usage unique, mais celles-ci ne doivent r\u00e9sister qu&rsquo;\u00e0 une courte p\u00e9riode. En revanche, les biens de consommation ayant une dur\u00e9e de conservation de plusieurs ann\u00e9es doivent r\u00e9sister \u00e0 des temp\u00e9ratures et \u00e0 une humidit\u00e9 variables, \u00e0 des ouvertures et fermetures r\u00e9p\u00e9t\u00e9es, et souvent m\u00eame \u00e0 des d\u00e9placements.<\/p><p>Nous avons pass\u00e9 six ans \u00e0 mettre au point un mat\u00e9riau durable, l\u00e9ger et compatible avec des formules liquides complexes, sans avoir besoin d&rsquo;un rev\u00eatement plastique. En tant que jeune dirigeante, c&rsquo;est formidable d&rsquo;apporter une nouvelle perspective et des innovations.<br \/><br \/><\/p><p><strong>Si vous pouviez changer une id\u00e9e fausse sur les emballages, quelle serait-elle ?<\/strong><\/p><p>Helen Yang &#8211; La durabilit\u00e9 ne doit pas seulement impliquer la r\u00e9duction des \u00e9missions de carbone, mais aussi la s\u00e9curit\u00e9 et la sant\u00e9 humaines. Souvent, lorsque nous parlons de durabilit\u00e9 dans le domaine des emballages, nous nous concentrons sur l&rsquo;analyse du cycle de vie : quelles mati\u00e8res premi\u00e8res sont utilis\u00e9es ? Quelle est l&#8217;empreinte carbone du transport de ces emballages ? Comment ces emballages sont-ils \u00e9limin\u00e9s en fin de vie ? Bien s\u00fbr, tout cela est n\u00e9cessaire et un mat\u00e9riau d&#8217;emballage n&rsquo;est intrins\u00e8quement pas durable s&rsquo;il nuit \u00e0 notre plan\u00e8te, mais il doit aller de pair avec la s\u00e9curit\u00e9 et la toxicologie. Il est tout aussi important de se demander quels additifs sont utilis\u00e9s dans un mat\u00e9riau d&#8217;emballage et s&rsquo;il g\u00e9n\u00e8re des microplastiques nocifs. Par exemple, un mat\u00e9riau issu de sources renouvelables mais recouvert de PFAS peut \u00eatre avantageux en termes de carbone, mais n&rsquo;est pas durable pour les biens de consommation \u00e0 long terme.<\/p><p>Cette ann\u00e9e marque le 25e anniversaire de la Paris Packaging Week.<\/p><p><strong>Quel h\u00e9ritage esp\u00e9rez-vous que cette nouvelle g\u00e9n\u00e9ration de Future Leaders laissera pour les 25 prochaines ann\u00e9es ?<\/strong><\/p><p>Helen Yang &#8211; Cette promotion de Future Leaders pr\u00e9sente un m\u00e9lange passionnant de profils issus du monde universitaire et de l&rsquo;industrie, ce qui, \u00e0 mon avis, est essentiel pour laisser un h\u00e9ritage d&rsquo;action. Nous sommes ravis de commercialiser les nouvelles technologies issues des laboratoires de R&amp;D, et les futurs leaders adoptent une nouvelle palette de mat\u00e9riaux et de technologies pour aller au-del\u00e0 des combustibles fossiles non renouvelables.<\/p><div>\u00a0<\/div>\t\t\t\t\t\t\t\t<\/div>\n\t\t\t\t<\/div>\n\t\t\t\t<div class=\"elementor-element elementor-element-fa8e726 elementor-widget elementor-widget-video\" data-id=\"fa8e726\" data-element_type=\"widget\" data-settings=\"{&quot;youtube_url&quot;:&quot;https:\\\/\\\/youtu.be\\\/Wp4xZqFnPMM&quot;,&quot;loop&quot;:&quot;yes&quot;,&quot;video_type&quot;:&quot;youtube&quot;,&quot;controls&quot;:&quot;yes&quot;}\" data-widget_type=\"video.default\">\n\t\t\t\t<div class=\"elementor-widget-container\">\n\t\t\t\t\t\t\t<div class=\"elementor-wrapper elementor-open-inline\">\n\t\t\t<div class=\"elementor-video\"><\/div>\t\t<\/div>\n\t\t\t\t\t\t<\/div>\n\t\t\t\t<\/div>\n\t\t\t\t<div class=\"elementor-element elementor-element-8b6e140 elementor-align-justify elementor-widget elementor-widget-dynamic-button\" data-id=\"8b6e140\" data-element_type=\"widget\" data-settings=\"{&quot;_animation&quot;:&quot;none&quot;}\" data-widget_type=\"dynamic-button.default\">\n\t\t\t\t<div class=\"elementor-widget-container\">\n\t\t\t\t\t        <div class=\"elementor-button-wrapper\">\n            <a href=\"https:\/\/www.premiumbeautynews.com\/fr\/un-avenir-circulaire-est-realiste,26728\" target=\"_blank\" class=\"elementor-button-link elementor-button elementor-size-sm elementor-animation-grow\" role=\"button\">\n                        <span class=\"elementor-button-content-wrapper\">\n\t\t\t                <span class=\"elementor-button-icon elementor-align-icon-right\">\n\t\t\t\t<i aria-hidden=\"true\" class=\"fas fa-angle-right\"><\/i>\t\t\t<\/span>\n            \t\t\t<span class=\"elementor-button-text\">LIRE L'INTERVIEW COMPLETE SUR PREMIUM BEAUTY NEWS<\/span>\n\t\t<\/span>\n                    <\/a>\n        <\/div>\n        \t\t\t\t<\/div>\n\t\t\t\t<\/div>\n\t\t\t\t<div class=\"elementor-element elementor-element-efee721 elementor-icon-list--layout-inline elementor-align-center elementor-tablet-align-center elementor-list-item-link-full_width elementor-widget elementor-widget-icon-list\" data-id=\"efee721\" data-element_type=\"widget\" data-widget_type=\"icon-list.default\">\n\t\t\t\t<div class=\"elementor-widget-container\">\n\t\t\t\t\t\t\t<ul class=\"elementor-icon-list-items elementor-inline-items\">\n\t\t\t\t\t\t\t<li class=\"elementor-icon-list-item elementor-inline-item\">\n\t\t\t\t\t\t\t\t\t\t\t<a href=\"https:\/\/www.facebook.com\/parispackagingweek\" target=\"_blank\">\n\n\t\t\t\t\t\t\t\t\t\t\t\t<span class=\"elementor-icon-list-icon\">\n\t\t\t\t\t\t\t<i aria-hidden=\"true\" class=\"fab fa-facebook-f\"><\/i>\t\t\t\t\t\t<\/span>\n\t\t\t\t\t\t\t\t\t\t<span class=\"elementor-icon-list-text\"><\/span>\n\t\t\t\t\t\t\t\t\t\t\t<\/a>\n\t\t\t\t\t\t\t\t\t<\/li>\n\t\t\t\t\t\t\t\t<li class=\"elementor-icon-list-item elementor-inline-item\">\n\t\t\t\t\t\t\t\t\t\t\t<a href=\"https:\/\/twitter.com\/parispackweek\" target=\"_blank\">\n\n\t\t\t\t\t\t\t\t\t\t\t\t<span class=\"elementor-icon-list-icon\">\n\t\t\t\t\t\t\t<i aria-hidden=\"true\" class=\"fab fa-twitter\"><\/i>\t\t\t\t\t\t<\/span>\n\t\t\t\t\t\t\t\t\t\t<span class=\"elementor-icon-list-text\"><\/span>\n\t\t\t\t\t\t\t\t\t\t\t<\/a>\n\t\t\t\t\t\t\t\t\t<\/li>\n\t\t\t\t\t\t\t\t<li class=\"elementor-icon-list-item elementor-inline-item\">\n\t\t\t\t\t\t\t\t\t\t\t<a href=\"https:\/\/www.linkedin.com\/showcase\/parispackagingweek\" target=\"_blank\">\n\n\t\t\t\t\t\t\t\t\t\t\t\t<span class=\"elementor-icon-list-icon\">\n\t\t\t\t\t\t\t<i aria-hidden=\"true\" class=\"fab fa-linkedin-in\"><\/i>\t\t\t\t\t\t<\/span>\n\t\t\t\t\t\t\t\t\t\t<span class=\"elementor-icon-list-text\"><\/span>\n\t\t\t\t\t\t\t\t\t\t\t<\/a>\n\t\t\t\t\t\t\t\t\t<\/li>\n\t\t\t\t\t\t\t\t<li class=\"elementor-icon-list-item elementor-inline-item\">\n\t\t\t\t\t\t\t\t\t\t\t<a href=\"https:\/\/www.instagram.com\/parispackagingweek\/\" target=\"_blank\">\n\n\t\t\t\t\t\t\t\t\t\t\t\t<span class=\"elementor-icon-list-icon\">\n\t\t\t\t\t\t\t<i aria-hidden=\"true\" class=\"fab fa-instagram\"><\/i>\t\t\t\t\t\t<\/span>\n\t\t\t\t\t\t\t\t\t\t<span class=\"elementor-icon-list-text\"><\/span>\n\t\t\t\t\t\t\t\t\t\t\t<\/a>\n\t\t\t\t\t\t\t\t\t<\/li>\n\t\t\t\t\t\t<\/ul>\n\t\t\t\t\t\t<\/div>\n\t\t\t\t<\/div>\n\t\t\t\t<div class=\"elementor-element elementor-element-403ea04 elementor-widget elementor-widget-heading\" data-id=\"403ea04\" data-element_type=\"widget\" data-widget_type=\"heading.default\">\n\t\t\t\t<div class=\"elementor-widget-container\">\n\t\t\t\t\t<h2 class=\"elementor-heading-title elementor-size-default\">Partager cet article<\/h2>\t\t\t\t<\/div>\n\t\t\t\t<\/div>\n\t\t\t\t<div class=\"elementor-element elementor-element-52c65bf elementor-share-buttons--view-icon-text elementor-share-buttons--skin-gradient elementor-share-buttons--shape-square elementor-grid-0 elementor-share-buttons--color-official elementor-widget elementor-widget-share-buttons\" data-id=\"52c65bf\" data-element_type=\"widget\" data-widget_type=\"share-buttons.default\">\n\t\t\t\t<div class=\"elementor-widget-container\">\n\t\t\t\t\t\t\t<div class=\"elementor-grid\" role=\"list\">\n\t\t\t\t\t\t\t\t<div class=\"elementor-grid-item\" role=\"listitem\">\n\t\t\t\t\t\t<div class=\"elementor-share-btn elementor-share-btn_facebook\" role=\"button\" tabindex=\"0\" aria-label=\"Share on facebook\">\n\t\t\t\t\t\t\t\t\t\t\t\t\t\t\t<span class=\"elementor-share-btn__icon\">\n\t\t\t\t\t\t\t\t<i class=\"fab fa-facebook\" aria-hidden=\"true\"><\/i>\t\t\t\t\t\t\t<\/span>\n\t\t\t\t\t\t\t\t\t\t\t\t\t\t\t\t\t\t\t\t\t\t<div class=\"elementor-share-btn__text\">\n\t\t\t\t\t\t\t\t\t\t\t\t\t\t\t\t\t\t\t<span class=\"elementor-share-btn__title\">\n\t\t\t\t\t\t\t\t\t\tFacebook\t\t\t\t\t\t\t\t\t<\/span>\n\t\t\t\t\t\t\t\t\t\t\t\t\t\t\t\t\t<\/div>\n\t\t\t\t\t\t\t\t\t\t\t\t\t<\/div>\n\t\t\t\t\t<\/div>\n\t\t\t\t\t\t\t\t\t<div class=\"elementor-grid-item\" role=\"listitem\">\n\t\t\t\t\t\t<div class=\"elementor-share-btn elementor-share-btn_twitter\" role=\"button\" tabindex=\"0\" aria-label=\"Share on twitter\">\n\t\t\t\t\t\t\t\t\t\t\t\t\t\t\t<span class=\"elementor-share-btn__icon\">\n\t\t\t\t\t\t\t\t<i class=\"fab fa-twitter\" aria-hidden=\"true\"><\/i>\t\t\t\t\t\t\t<\/span>\n\t\t\t\t\t\t\t\t\t\t\t\t\t\t\t\t\t\t\t\t\t\t<div class=\"elementor-share-btn__text\">\n\t\t\t\t\t\t\t\t\t\t\t\t\t\t\t\t\t\t\t<span class=\"elementor-share-btn__title\">\n\t\t\t\t\t\t\t\t\t\tTwitter\t\t\t\t\t\t\t\t\t<\/span>\n\t\t\t\t\t\t\t\t\t\t\t\t\t\t\t\t\t<\/div>\n\t\t\t\t\t\t\t\t\t\t\t\t\t<\/div>\n\t\t\t\t\t<\/div>\n\t\t\t\t\t\t\t\t\t<div class=\"elementor-grid-item\" role=\"listitem\">\n\t\t\t\t\t\t<div class=\"elementor-share-btn elementor-share-btn_linkedin\" role=\"button\" tabindex=\"0\" aria-label=\"Share on linkedin\">\n\t\t\t\t\t\t\t\t\t\t\t\t\t\t\t<span class=\"elementor-share-btn__icon\">\n\t\t\t\t\t\t\t\t<i class=\"fab fa-linkedin\" aria-hidden=\"true\"><\/i>\t\t\t\t\t\t\t<\/span>\n\t\t\t\t\t\t\t\t\t\t\t\t\t\t\t\t\t\t\t\t\t\t<div class=\"elementor-share-btn__text\">\n\t\t\t\t\t\t\t\t\t\t\t\t\t\t\t\t\t\t\t<span class=\"elementor-share-btn__title\">\n\t\t\t\t\t\t\t\t\t\tLinkedIn\t\t\t\t\t\t\t\t\t<\/span>\n\t\t\t\t\t\t\t\t\t\t\t\t\t\t\t\t\t<\/div>\n\t\t\t\t\t\t\t\t\t\t\t\t\t<\/div>\n\t\t\t\t\t<\/div>\n\t\t\t\t\t\t<\/div>\n\t\t\t\t\t\t<\/div>\n\t\t\t\t<\/div>\n\t\t\t\t\t<\/div>\n\t\t<\/div>\n\t\t\t\t<div class=\"elementor-column elementor-col-25 elementor-top-column elementor-element elementor-element-8f6aa53\" data-id=\"8f6aa53\" data-element_type=\"column\" data-settings=\"{&quot;background_background&quot;:&quot;classic&quot;}\">\n\t\t\t<div class=\"elementor-widget-wrap elementor-element-populated\">\n\t\t\t\t\t\t<div class=\"elementor-element elementor-element-2e19583 elementor-hidden-tablet elementor-hidden-mobile elementor-hidden-desktop elementor-widget elementor-widget-wp-widget-adsanity-single\" data-id=\"2e19583\" data-element_type=\"widget\" data-settings=\"{&quot;sticky&quot;:&quot;top&quot;,&quot;sticky_offset&quot;:140,&quot;sticky_on&quot;:[&quot;desktop&quot;,&quot;tablet&quot;],&quot;sticky_offset_tablet&quot;:150,&quot;sticky_effects_offset&quot;:0,&quot;sticky_anchor_link_offset&quot;:0}\" data-widget_type=\"wp-widget-adsanity-single.default\">\n\t\t\t\t<div class=\"elementor-widget-container\">\n\t\t\t\t\t\n<div id=\"ad-65633\" class=\"ad-426x249 adsanity-426x249  adsanity-\"\n><div class=\"adsanity-inner\">\n\n<div class=\"adsanity-gati\" data-title=\"Horizontal example\"><a rel=\"nofollow\" href=\"https:\/\/www.parispackagingweek.com\/fr\/ads\/horizontal-example\/\"  target=\"_blank\"><img fetchpriority=\"high\" decoding=\"async\" width=\"426\" height=\"249\" src=\"https:\/\/easyfairsassets.com\/sites\/61\/2022\/04\/426-x-249_Yoga.jpg\" class=\"no-lazy-load wp-post-image\" alt=\"\" srcset=\"https:\/\/easyfairsassets.com\/sites\/61\/2022\/04\/426-x-249_Yoga.jpg 426w, https:\/\/easyfairsassets.com\/sites\/61\/2022\/04\/426-x-249_Yoga-300x175.jpg 300w\" sizes=\"(max-width: 426px) 100vw, 426px\" \/><\/a><\/div>\n<\/div><\/div>\n\n\t\t\t\t<\/div>\n\t\t\t\t<\/div>\n\t\t\t\t<div class=\"elementor-element elementor-element-860a842 elementor-widget elementor-widget-theme-post-featured-image elementor-widget-image\" data-id=\"860a842\" data-element_type=\"widget\" data-widget_type=\"theme-post-featured-image.default\">\n\t\t\t\t<div class=\"elementor-widget-container\">\n\t\t\t\t\t\t\t\t\t\t\t\t\t\t\t<img decoding=\"async\" width=\"1200\" height=\"626\" src=\"https:\/\/easyfairsassets.com\/sites\/61\/2025\/12\/Helen-Yang-.png\" class=\"attachment-full size-full wp-image-488196\" alt=\"\" srcset=\"https:\/\/easyfairsassets.com\/sites\/61\/2025\/12\/Helen-Yang-.png 1200w, https:\/\/easyfairsassets.com\/sites\/61\/2025\/12\/Helen-Yang--300x157.png 300w, https:\/\/easyfairsassets.com\/sites\/61\/2025\/12\/Helen-Yang--768x401.png 768w\" sizes=\"(max-width: 1200px) 100vw, 1200px\" \/>\t\t\t\t\t\t\t\t\t\t\t\t\t\t\t<\/div>\n\t\t\t\t<\/div>\n\t\t\t\t<div class=\"elementor-element elementor-element-ecb3eaa elementor-hidden-desktop elementor-hidden-tablet elementor-hidden-mobile elementor-widget elementor-widget-text-editor\" data-id=\"ecb3eaa\" data-element_type=\"widget\" data-widget_type=\"text-editor.default\">\n\t\t\t\t<div class=\"elementor-widget-container\">\n\t\t\t\t\t\t\t\t\t<p>Photo de <a href=\"https:\/\/www.securikett.com\/sustainable-security-solutions\/\">Securikett<\/a><\/p>\t\t\t\t\t\t\t\t<\/div>\n\t\t\t\t<\/div>\n\t\t\t\t<div class=\"elementor-element elementor-element-aa2e5ad elementor-widget elementor-widget-spacer\" data-id=\"aa2e5ad\" data-element_type=\"widget\" data-widget_type=\"spacer.default\">\n\t\t\t\t<div class=\"elementor-widget-container\">\n\t\t\t\t\t\t\t<div class=\"elementor-spacer\">\n\t\t\t<div class=\"elementor-spacer-inner\"><\/div>\n\t\t<\/div>\n\t\t\t\t\t\t<\/div>\n\t\t\t\t<\/div>\n\t\t\t\t<section class=\"elementor-section elementor-inner-section elementor-element elementor-element-654365c elementor-section-boxed elementor-section-height-default elementor-section-height-default\" data-id=\"654365c\" data-element_type=\"section\">\n\t\t\t\t\t\t<div class=\"elementor-container elementor-column-gap-default\">\n\t\t\t\t\t<div class=\"elementor-column elementor-col-100 elementor-inner-column elementor-element elementor-element-b8ed3c8\" data-id=\"b8ed3c8\" data-element_type=\"column\">\n\t\t\t<div class=\"elementor-widget-wrap elementor-element-populated\">\n\t\t\t\t\t\t<div class=\"elementor-element elementor-element-5b76adf elementor-widget elementor-widget-heading\" data-id=\"5b76adf\" data-element_type=\"widget\" data-widget_type=\"heading.default\">\n\t\t\t\t<div class=\"elementor-widget-container\">\n\t\t\t\t\t<h2 class=\"elementor-heading-title elementor-size-default\">Abonnez-vous \u00e0 la newsletter du salon<\/h2>\t\t\t\t<\/div>\n\t\t\t\t<\/div>\n\t\t\t\t<div class=\"elementor-element elementor-element-c64cc38 elementor-button-align-stretch elementor-widget elementor-widget-form\" data-id=\"c64cc38\" data-element_type=\"widget\" data-settings=\"{&quot;step_next_label&quot;:&quot;Suivant&quot;,&quot;step_previous_label&quot;:&quot;Pr\\u00e9c\\u00e9dent&quot;,&quot;button_width&quot;:&quot;100&quot;,&quot;step_type&quot;:&quot;number_text&quot;,&quot;step_icon_shape&quot;:&quot;circle&quot;}\" data-widget_type=\"form.default\">\n\t\t\t\t<div class=\"elementor-widget-container\">\n\t\t\t\t\t\t\t<form class=\"elementor-form\" method=\"post\" name=\"Fruit Newsletters\" aria-label=\"Fruit Newsletters\">\n\t\t\t<input type=\"hidden\" name=\"post_id\" value=\"488194\"\/>\n\t\t\t<input type=\"hidden\" name=\"form_id\" value=\"c64cc38\"\/>\n\t\t\t<input type=\"hidden\" name=\"referer_title\" value=\"\" \/>\n\n\t\t\t\n\t\t\t<div class=\"elementor-form-fields-wrapper elementor-labels-above\">\n\t\t\t\t\t\t\t\t<div class=\"elementor-field-type-text elementor-field-group elementor-column elementor-field-group-Email elementor-col-100 elementor-field-required elementor-mark-required\">\n\t\t\t\t\t\t\t\t\t\t\t\t\t<input size=\"1\" type=\"text\" name=\"form_fields[Email]\" id=\"form-field-Email\" class=\"elementor-field elementor-size-sm  elementor-field-textual\" placeholder=\"Adresse email\" required=\"required\">\n\t\t\t\t\t\t\t\t\t\t\t<\/div>\n\t\t\t\t\t\t\t\t<div class=\"elementor-field-type-recaptcha_v3 elementor-field-group elementor-column elementor-field-group-field_1e34227 elementor-col-100 recaptcha_v3-inline\">\n\t\t\t\t\t<div class=\"elementor-field\" id=\"form-field-field_1e34227\"><div class=\"elementor-g-recaptcha\" data-sitekey=\"6LcRLiMdAAAAAMfz2VLOztX3J4YGX2zjQnrCNW2V\" data-type=\"v3\" data-action=\"Form\" data-badge=\"inline\" data-size=\"invisible\"><\/div><\/div>\t\t\t\t<\/div>\n\t\t\t\t\t\t\t\t<div class=\"elementor-field-group elementor-column elementor-field-type-submit elementor-col-100 e-form__buttons\">\n\t\t\t\t\t<button class=\"elementor-button elementor-size-sm elementor-animation-grow\" type=\"submit\">\n\t\t\t\t\t\t<span class=\"elementor-button-content-wrapper\">\n\t\t\t\t\t\t\t\t\t\t\t\t\t\t\t<span class=\"elementor-button-icon\">\n\t\t\t\t\t\t\t\t\t<i aria-hidden=\"true\" class=\"fas fa-angle-right\"><\/i>\t\t\t\t\t\t\t\t\t\t\t\t\t\t\t\t\t<\/span>\n\t\t\t\t\t\t\t\t\t\t\t\t\t\t\t\t\t\t\t\t\t\t<span class=\"elementor-button-text\">Envoyer<\/span>\n\t\t\t\t\t\t\t\t\t\t\t\t\t<\/span>\n\t\t\t\t\t<\/button>\n\t\t\t\t<\/div>\n\t\t\t<\/div>\n\t\t<\/form>\n\t\t\t\t\t\t<\/div>\n\t\t\t\t<\/div>\n\t\t\t\t\t<\/div>\n\t\t<\/div>\n\t\t\t\t\t<\/div>\n\t\t<\/section>\n\t\t\t\t<div class=\"elementor-element elementor-element-45d6bbf elementor-hidden-desktop elementor-hidden-tablet elementor-hidden-mobile elementor-widget elementor-widget-spacer\" data-id=\"45d6bbf\" data-element_type=\"widget\" data-widget_type=\"spacer.default\">\n\t\t\t\t<div class=\"elementor-widget-container\">\n\t\t\t\t\t\t\t<div class=\"elementor-spacer\">\n\t\t\t<div class=\"elementor-spacer-inner\"><\/div>\n\t\t<\/div>\n\t\t\t\t\t\t<\/div>\n\t\t\t\t<\/div>\n\t\t\t\t<div class=\"elementor-element elementor-element-a188940 elementor-widget elementor-widget-heading\" data-id=\"a188940\" data-element_type=\"widget\" data-widget_type=\"heading.default\">\n\t\t\t\t<div class=\"elementor-widget-container\">\n\t\t\t\t\t<h2 class=\"elementor-heading-title elementor-size-default\">Les derniers articles de Paris Packaging Week<\/h2>\t\t\t\t<\/div>\n\t\t\t\t<\/div>\n\t\t\t\t<div class=\"elementor-element elementor-element-607271b elementor-posts--align-left elementor-grid-2 elementor-grid-tablet-1 elementor-grid-mobile-1 elementor-posts--thumbnail-top elementor-widget elementor-widget-posts\" data-id=\"607271b\" data-element_type=\"widget\" data-settings=\"{&quot;classic_row_gap&quot;:{&quot;unit&quot;:&quot;px&quot;,&quot;size&quot;:&quot;49&quot;,&quot;sizes&quot;:[]},&quot;classic_columns&quot;:&quot;2&quot;,&quot;classic_columns_tablet&quot;:&quot;1&quot;,&quot;classic_row_gap_tablet&quot;:{&quot;unit&quot;:&quot;px&quot;,&quot;size&quot;:20,&quot;sizes&quot;:[]},&quot;classic_columns_mobile&quot;:&quot;1&quot;,&quot;classic_row_gap_mobile&quot;:{&quot;unit&quot;:&quot;px&quot;,&quot;size&quot;:&quot;&quot;,&quot;sizes&quot;:[]}}\" data-widget_type=\"posts.classic\">\n\t\t\t\t<div class=\"elementor-widget-container\">\n\t\t\t\t\t\t\t<div class=\"elementor-posts-container elementor-posts elementor-posts--skin-classic elementor-grid\" role=\"list\">\n\t\t\t\t<article class=\"elementor-post elementor-grid-item post-500106 post type-post status-publish format-standard has-post-thumbnail hentry category-beauty category-design-2 category-innovation-2 category-luxury-2 category-sustainability-2\" role=\"listitem\">\n\t\t\t\t<a class=\"elementor-post__thumbnail__link\" href=\"https:\/\/www.parispackagingweek.com\/fr\/2026\/04\/30\/awantys-transforme-des-pierres-semi%e2%80%91precieuses-en-composants-pour-emballages-de-produits-de-beaute\/\" tabindex=\"-1\" >\n\t\t\t<div class=\"elementor-post__thumbnail\"><img decoding=\"async\" width=\"1200\" height=\"626\" src=\"https:\/\/easyfairsassets.com\/sites\/61\/2026\/04\/Article-website-Awantys-semi-precious-packaging.png\" class=\"attachment-full size-full wp-image-500107\" alt=\"Awantys semi-precious packaging\" srcset=\"https:\/\/easyfairsassets.com\/sites\/61\/2026\/04\/Article-website-Awantys-semi-precious-packaging.png 1200w, https:\/\/easyfairsassets.com\/sites\/61\/2026\/04\/Article-website-Awantys-semi-precious-packaging-300x157.png 300w, https:\/\/easyfairsassets.com\/sites\/61\/2026\/04\/Article-website-Awantys-semi-precious-packaging-768x401.png 768w\" sizes=\"(max-width: 1200px) 100vw, 1200px\" \/><\/div>\n\t\t<\/a>\n\t\t\t\t<div class=\"elementor-post__text\">\n\t\t\t\t<h3 class=\"elementor-post__title\">\n\t\t\t<a href=\"https:\/\/www.parispackagingweek.com\/fr\/2026\/04\/30\/awantys-transforme-des-pierres-semi%e2%80%91precieuses-en-composants-pour-emballages-de-produits-de-beaute\/\" >\n\t\t\t\tAwantys transforme des pierres semi\u2011pr\u00e9cieuses en composants pour emballages de produits de beaut\u00e9\t\t\t<\/a>\n\t\t<\/h3>\n\t\t\t\t<\/div>\n\t\t\t\t<\/article>\n\t\t\t\t<article class=\"elementor-post elementor-grid-item post-500088 post type-post status-publish format-standard has-post-thumbnail hentry category-drinks category-innovation-2 category-luxury-2 category-trends-2\" role=\"listitem\">\n\t\t\t\t<a class=\"elementor-post__thumbnail__link\" href=\"https:\/\/www.parispackagingweek.com\/fr\/2026\/04\/30\/la-collaboration-entre-veuve-clicquot-et-larchitecte-de-la-joie-yinka-ilori-pour-la-conception-dun-emballage\/\" tabindex=\"-1\" >\n\t\t\t<div class=\"elementor-post__thumbnail\"><img loading=\"lazy\" decoding=\"async\" width=\"1200\" height=\"626\" src=\"https:\/\/easyfairsassets.com\/sites\/61\/2026\/04\/Article-visual-2-1.png\" class=\"attachment-full size-full wp-image-500090\" alt=\"\" srcset=\"https:\/\/easyfairsassets.com\/sites\/61\/2026\/04\/Article-visual-2-1.png 1200w, https:\/\/easyfairsassets.com\/sites\/61\/2026\/04\/Article-visual-2-1-300x157.png 300w, https:\/\/easyfairsassets.com\/sites\/61\/2026\/04\/Article-visual-2-1-768x401.png 768w\" sizes=\"(max-width: 1200px) 100vw, 1200px\" \/><\/div>\n\t\t<\/a>\n\t\t\t\t<div class=\"elementor-post__text\">\n\t\t\t\t<h3 class=\"elementor-post__title\">\n\t\t\t<a href=\"https:\/\/www.parispackagingweek.com\/fr\/2026\/04\/30\/la-collaboration-entre-veuve-clicquot-et-larchitecte-de-la-joie-yinka-ilori-pour-la-conception-dun-emballage\/\" >\n\t\t\t\tLa collaboration entre Veuve Clicquot et l&rsquo;architecte de la joie Yinka Ilori pour la conception d&rsquo;un emballage\t\t\t<\/a>\n\t\t<\/h3>\n\t\t\t\t<\/div>\n\t\t\t\t<\/article>\n\t\t\t\t<article class=\"elementor-post elementor-grid-item post-500061 post type-post status-publish format-standard has-post-thumbnail hentry category-beauty category-design-2 category-innovation-2 category-luxury-2 category-trends-2\" role=\"listitem\">\n\t\t\t\t<a class=\"elementor-post__thumbnail__link\" href=\"https:\/\/www.parispackagingweek.com\/fr\/2026\/04\/28\/aptar-accompagne-clarins-avec-un-packaging-sur-mesure-pour-le-double-serum-fond-de-teint\/\" tabindex=\"-1\" >\n\t\t\t<div class=\"elementor-post__thumbnail\"><img loading=\"lazy\" decoding=\"async\" width=\"1200\" height=\"626\" src=\"https:\/\/easyfairsassets.com\/sites\/61\/2026\/04\/Article-website-Clarins-Double-Serum-Foundation.png\" class=\"attachment-full size-full wp-image-500062\" alt=\"Clarins Double Serum Foundation\" srcset=\"https:\/\/easyfairsassets.com\/sites\/61\/2026\/04\/Article-website-Clarins-Double-Serum-Foundation.png 1200w, https:\/\/easyfairsassets.com\/sites\/61\/2026\/04\/Article-website-Clarins-Double-Serum-Foundation-300x157.png 300w, https:\/\/easyfairsassets.com\/sites\/61\/2026\/04\/Article-website-Clarins-Double-Serum-Foundation-768x401.png 768w\" sizes=\"(max-width: 1200px) 100vw, 1200px\" \/><\/div>\n\t\t<\/a>\n\t\t\t\t<div class=\"elementor-post__text\">\n\t\t\t\t<h3 class=\"elementor-post__title\">\n\t\t\t<a href=\"https:\/\/www.parispackagingweek.com\/fr\/2026\/04\/28\/aptar-accompagne-clarins-avec-un-packaging-sur-mesure-pour-le-double-serum-fond-de-teint\/\" >\n\t\t\t\tAptar accompagne Clarins avec un packaging sur mesure pour le Double Serum Fond de Teint\t\t\t<\/a>\n\t\t<\/h3>\n\t\t\t\t<\/div>\n\t\t\t\t<\/article>\n\t\t\t\t<article class=\"elementor-post elementor-grid-item post-500016 post type-post status-publish format-standard has-post-thumbnail hentry category-drinks category-innovation-2 category-luxury-2 category-trends-2\" role=\"listitem\">\n\t\t\t\t<a class=\"elementor-post__thumbnail__link\" href=\"https:\/\/www.parispackagingweek.com\/fr\/2026\/04\/28\/le-nouveau-pack-captain-morgan-sliced-arrive-en-canette-prete-a-boire\/\" tabindex=\"-1\" >\n\t\t\t<div class=\"elementor-post__thumbnail\"><img loading=\"lazy\" decoding=\"async\" width=\"1200\" height=\"626\" src=\"https:\/\/easyfairsassets.com\/sites\/61\/2026\/04\/Article-visual-2.png\" class=\"attachment-full size-full wp-image-500019\" alt=\"\" srcset=\"https:\/\/easyfairsassets.com\/sites\/61\/2026\/04\/Article-visual-2.png 1200w, https:\/\/easyfairsassets.com\/sites\/61\/2026\/04\/Article-visual-2-300x157.png 300w, https:\/\/easyfairsassets.com\/sites\/61\/2026\/04\/Article-visual-2-768x401.png 768w\" sizes=\"(max-width: 1200px) 100vw, 1200px\" \/><\/div>\n\t\t<\/a>\n\t\t\t\t<div class=\"elementor-post__text\">\n\t\t\t\t<h3 class=\"elementor-post__title\">\n\t\t\t<a href=\"https:\/\/www.parispackagingweek.com\/fr\/2026\/04\/28\/le-nouveau-pack-captain-morgan-sliced-arrive-en-canette-prete-a-boire\/\" >\n\t\t\t\tLe nouveau pack Captain Morgan Sliced arrive en canette pr\u00eate \u00e0 boire\t\t\t<\/a>\n\t\t<\/h3>\n\t\t\t\t<\/div>\n\t\t\t\t<\/article>\n\t\t\t\t<article class=\"elementor-post elementor-grid-item post-500017 post type-post status-publish format-standard has-post-thumbnail hentry category-beauty category-design-2 category-innovation-2 category-luxury-2 category-trends-2\" role=\"listitem\">\n\t\t\t\t<a class=\"elementor-post__thumbnail__link\" href=\"https:\/\/www.parispackagingweek.com\/fr\/2026\/04\/23\/quadpack-devoile-lotus-pod-lapplicateur-effet-froid-nouvelle-generation\/\" tabindex=\"-1\" >\n\t\t\t<div class=\"elementor-post__thumbnail\"><img loading=\"lazy\" decoding=\"async\" width=\"1200\" height=\"626\" src=\"https:\/\/easyfairsassets.com\/sites\/61\/2026\/04\/Article-website-Quadpack-Lotus-Pod.png\" class=\"attachment-full size-full wp-image-500029\" alt=\"Quadpack Lotus Pod\" srcset=\"https:\/\/easyfairsassets.com\/sites\/61\/2026\/04\/Article-website-Quadpack-Lotus-Pod.png 1200w, https:\/\/easyfairsassets.com\/sites\/61\/2026\/04\/Article-website-Quadpack-Lotus-Pod-300x157.png 300w, https:\/\/easyfairsassets.com\/sites\/61\/2026\/04\/Article-website-Quadpack-Lotus-Pod-768x401.png 768w\" sizes=\"(max-width: 1200px) 100vw, 1200px\" \/><\/div>\n\t\t<\/a>\n\t\t\t\t<div class=\"elementor-post__text\">\n\t\t\t\t<h3 class=\"elementor-post__title\">\n\t\t\t<a href=\"https:\/\/www.parispackagingweek.com\/fr\/2026\/04\/23\/quadpack-devoile-lotus-pod-lapplicateur-effet-froid-nouvelle-generation\/\" >\n\t\t\t\tQuadpack d\u00e9voile Lotus Pod, l\u2019applicateur effet froid nouvelle g\u00e9n\u00e9ration\t\t\t<\/a>\n\t\t<\/h3>\n\t\t\t\t<\/div>\n\t\t\t\t<\/article>\n\t\t\t\t<article class=\"elementor-post elementor-grid-item post-499997 post type-post status-publish format-standard has-post-thumbnail hentry category-drinks category-innovation-2 category-luxury-2 category-trends-2\" role=\"listitem\">\n\t\t\t\t<a class=\"elementor-post__thumbnail__link\" href=\"https:\/\/www.parispackagingweek.com\/fr\/2026\/04\/22\/remy-cointreau-modernise-lidentite-visuelle-de-metaxa\/\" tabindex=\"-1\" >\n\t\t\t<div class=\"elementor-post__thumbnail\"><img loading=\"lazy\" decoding=\"async\" width=\"1200\" height=\"626\" src=\"https:\/\/easyfairsassets.com\/sites\/61\/2026\/04\/Untitled-1.png\" class=\"attachment-full size-full wp-image-499999\" alt=\"\" srcset=\"https:\/\/easyfairsassets.com\/sites\/61\/2026\/04\/Untitled-1.png 1200w, https:\/\/easyfairsassets.com\/sites\/61\/2026\/04\/Untitled-1-300x157.png 300w, https:\/\/easyfairsassets.com\/sites\/61\/2026\/04\/Untitled-1-768x401.png 768w\" sizes=\"(max-width: 1200px) 100vw, 1200px\" \/><\/div>\n\t\t<\/a>\n\t\t\t\t<div class=\"elementor-post__text\">\n\t\t\t\t<h3 class=\"elementor-post__title\">\n\t\t\t<a href=\"https:\/\/www.parispackagingweek.com\/fr\/2026\/04\/22\/remy-cointreau-modernise-lidentite-visuelle-de-metaxa\/\" >\n\t\t\t\tR\u00e9my Cointreau modernise l&rsquo;identit\u00e9 visuelle de Metaxa\t\t\t<\/a>\n\t\t<\/h3>\n\t\t\t\t<\/div>\n\t\t\t\t<\/article>\n\t\t\t\t<article class=\"elementor-post elementor-grid-item post-499932 post type-post status-publish format-standard has-post-thumbnail hentry category-drinks category-innovation-2 category-luxury-2 category-trends-2\" role=\"listitem\">\n\t\t\t\t<a class=\"elementor-post__thumbnail__link\" href=\"https:\/\/www.parispackagingweek.com\/fr\/2026\/04\/16\/de-lartisanat-au-patrimoine-comment-les-spiritueux-sinspirent-des-nouvelles-tendances-en-matiere-de-design\/\" tabindex=\"-1\" >\n\t\t\t<div class=\"elementor-post__thumbnail\"><img loading=\"lazy\" decoding=\"async\" width=\"1200\" height=\"626\" src=\"https:\/\/easyfairsassets.com\/sites\/61\/2026\/04\/Untitled-2.png\" class=\"attachment-full size-full wp-image-499934\" alt=\"\" srcset=\"https:\/\/easyfairsassets.com\/sites\/61\/2026\/04\/Untitled-2.png 1200w, https:\/\/easyfairsassets.com\/sites\/61\/2026\/04\/Untitled-2-300x157.png 300w, https:\/\/easyfairsassets.com\/sites\/61\/2026\/04\/Untitled-2-768x401.png 768w\" sizes=\"(max-width: 1200px) 100vw, 1200px\" \/><\/div>\n\t\t<\/a>\n\t\t\t\t<div class=\"elementor-post__text\">\n\t\t\t\t<h3 class=\"elementor-post__title\">\n\t\t\t<a href=\"https:\/\/www.parispackagingweek.com\/fr\/2026\/04\/16\/de-lartisanat-au-patrimoine-comment-les-spiritueux-sinspirent-des-nouvelles-tendances-en-matiere-de-design\/\" >\n\t\t\t\tDe l&rsquo;artisanat au patrimoine : comment les spiritueux s&rsquo;inspirent des nouvelles tendances en mati\u00e8re de design\t\t\t<\/a>\n\t\t<\/h3>\n\t\t\t\t<\/div>\n\t\t\t\t<\/article>\n\t\t\t\t<article class=\"elementor-post elementor-grid-item post-499919 post type-post status-publish format-standard has-post-thumbnail hentry category-beauty category-design-2 category-luxury-2 category-trends-2\" role=\"listitem\">\n\t\t\t\t<a class=\"elementor-post__thumbnail__link\" href=\"https:\/\/www.parispackagingweek.com\/fr\/2026\/04\/16\/un-sac-emblematique-de-dior-devient-linspiration-dun-nouveau-parfum\/\" tabindex=\"-1\" >\n\t\t\t<div class=\"elementor-post__thumbnail\"><img loading=\"lazy\" decoding=\"async\" width=\"1200\" height=\"626\" src=\"https:\/\/easyfairsassets.com\/sites\/61\/2026\/04\/Article-website-Dior-Cuir-Saddle-Parfum.png\" class=\"attachment-full size-full wp-image-499929\" alt=\"Dior Cuir Saddle Parfum\" srcset=\"https:\/\/easyfairsassets.com\/sites\/61\/2026\/04\/Article-website-Dior-Cuir-Saddle-Parfum.png 1200w, https:\/\/easyfairsassets.com\/sites\/61\/2026\/04\/Article-website-Dior-Cuir-Saddle-Parfum-300x157.png 300w, https:\/\/easyfairsassets.com\/sites\/61\/2026\/04\/Article-website-Dior-Cuir-Saddle-Parfum-768x401.png 768w\" sizes=\"(max-width: 1200px) 100vw, 1200px\" \/><\/div>\n\t\t<\/a>\n\t\t\t\t<div class=\"elementor-post__text\">\n\t\t\t\t<h3 class=\"elementor-post__title\">\n\t\t\t<a href=\"https:\/\/www.parispackagingweek.com\/fr\/2026\/04\/16\/un-sac-emblematique-de-dior-devient-linspiration-dun-nouveau-parfum\/\" >\n\t\t\t\tUn sac embl\u00e9matique de Dior devient l\u2019inspiration d\u2019un nouveau parfum\t\t\t<\/a>\n\t\t<\/h3>\n\t\t\t\t<\/div>\n\t\t\t\t<\/article>\n\t\t\t\t<\/div>\n\t\t\n\t\t\t\t\t\t<\/div>\n\t\t\t\t<\/div>\n\t\t\t\t<div class=\"elementor-element elementor-element-60377b9 elementor-align-justify elementor-widget elementor-widget-dynamic-button\" data-id=\"60377b9\" data-element_type=\"widget\" data-settings=\"{&quot;_animation&quot;:&quot;none&quot;}\" data-widget_type=\"dynamic-button.default\">\n\t\t\t\t<div class=\"elementor-widget-container\">\n\t\t\t\t\t        <div class=\"elementor-button-wrapper\">\n            <a href=\"https:\/\/www.parispackagingweek.com\/fr\/newsletter\/\" class=\"elementor-button-link elementor-button elementor-size-sm elementor-animation-grow\" role=\"button\">\n                        <span class=\"elementor-button-content-wrapper\">\n\t\t\t                <span class=\"elementor-button-icon elementor-align-icon-right\">\n\t\t\t\t<i aria-hidden=\"true\" class=\"fas fa-angle-right\"><\/i>\t\t\t<\/span>\n            \t\t\t<span class=\"elementor-button-text\">Inscrivez-vous \u00e0 la newsletter<\/span>\n\t\t<\/span>\n                    <\/a>\n        <\/div>\n        \t\t\t\t<\/div>\n\t\t\t\t<\/div>\n\t\t\t\t\t<\/div>\n\t\t<\/div>\n\t\t\t\t<div class=\"elementor-column elementor-col-25 elementor-top-column elementor-element elementor-element-5e0c966\" data-id=\"5e0c966\" data-element_type=\"column\">\n\t\t\t<div class=\"elementor-widget-wrap\">\n\t\t\t\t\t\t\t<\/div>\n\t\t<\/div>\n\t\t\t\t\t<\/div>\n\t\t<\/section>\n\t\t\t\t<\/div>\n\t\t","protected":false},"excerpt":{"rendered":"<p>Chimiste de formation, avec une sp\u00e9cialisation en chimie synth\u00e9tique de l&rsquo;universit\u00e9 Columbia, Helen Yang est la fondatrice de Clement<\/p>\n","protected":false},"author":1067,"featured_media":488196,"comment_status":"closed","ping_status":"open","sticky":false,"template":"","format":"standard","meta":{"_seopress_robots_primary_cat":"none","_seopress_titles_title":"Paris Packaging Week | Interview exclusive | Helen Yang, Future Leaders 2026","_seopress_titles_desc":"Chimiste de formation, avec une sp\u00e9cialisation en chimie synth\u00e9tique de l'universit\u00e9 Columbia, Helen Yang est la fondatrice de Clement Packaging, une entreprise bas\u00e9e \u00e0 San Francisco qui propose des emballages innovants, compostables et \u00e0 base de plantes pour les biens de consommation.","_seopress_robots_index":"","footnotes":""},"categories":[119,120,116],"tags":[],"edition":[],"class_list":["post-488194","post","type-post","status-publish","format-standard","has-post-thumbnail","hentry","category-business-2","category-innovation-2","category-trends-2"],"_links":{"self":[{"href":"https:\/\/www.parispackagingweek.com\/fr\/wp-json\/wp\/v2\/posts\/488194","targetHints":{"allow":["GET"]}}],"collection":[{"href":"https:\/\/www.parispackagingweek.com\/fr\/wp-json\/wp\/v2\/posts"}],"about":[{"href":"https:\/\/www.parispackagingweek.com\/fr\/wp-json\/wp\/v2\/types\/post"}],"author":[{"embeddable":true,"href":"https:\/\/www.parispackagingweek.com\/fr\/wp-json\/wp\/v2\/users\/1067"}],"replies":[{"embeddable":true,"href":"https:\/\/www.parispackagingweek.com\/fr\/wp-json\/wp\/v2\/comments?post=488194"}],"version-history":[{"count":5,"href":"https:\/\/www.parispackagingweek.com\/fr\/wp-json\/wp\/v2\/posts\/488194\/revisions"}],"predecessor-version":[{"id":488832,"href":"https:\/\/www.parispackagingweek.com\/fr\/wp-json\/wp\/v2\/posts\/488194\/revisions\/488832"}],"wp:featuredmedia":[{"embeddable":true,"href":"https:\/\/www.parispackagingweek.com\/fr\/wp-json\/wp\/v2\/media\/488196"}],"wp:attachment":[{"href":"https:\/\/www.parispackagingweek.com\/fr\/wp-json\/wp\/v2\/media?parent=488194"}],"wp:term":[{"taxonomy":"category","embeddable":true,"href":"https:\/\/www.parispackagingweek.com\/fr\/wp-json\/wp\/v2\/categories?post=488194"},{"taxonomy":"post_tag","embeddable":true,"href":"https:\/\/www.parispackagingweek.com\/fr\/wp-json\/wp\/v2\/tags?post=488194"},{"taxonomy":"edition","embeddable":true,"href":"https:\/\/www.parispackagingweek.com\/fr\/wp-json\/wp\/v2\/edition?post=488194"}],"curies":[{"name":"wp","href":"https:\/\/api.w.org\/{rel}","templated":true}]}}