{"id":498168,"date":"2026-03-10T10:39:33","date_gmt":"2026-03-10T09:39:33","guid":{"rendered":"https:\/\/www.parispackagingweek.com\/?p=498168"},"modified":"2026-03-10T10:40:01","modified_gmt":"2026-03-10T09:40:01","slug":"future-leader-spotlight-anthony-bouvier-revolutionne-lemballage-durable","status":"publish","type":"post","link":"https:\/\/www.parispackagingweek.com\/fr\/2026\/03\/10\/future-leader-spotlight-anthony-bouvier-revolutionne-lemballage-durable\/","title":{"rendered":"Future Leader spotlight : Anthony Bouvier r\u00e9volutionne l\u2019emballage durable"},"content":{"rendered":"\t\t<div data-elementor-type=\"wp-post\" data-elementor-id=\"498168\" class=\"elementor elementor-498168\" data-elementor-post-type=\"post\">\n\t\t\t\t\t\t<section class=\"elementor-section elementor-top-section elementor-element elementor-element-c04a20a elementor-section-full_width elementor-section-height-default elementor-section-height-default\" data-id=\"c04a20a\" data-element_type=\"section\" data-settings=\"{&quot;background_background&quot;:&quot;classic&quot;}\">\n\t\t\t\t\t\t<div class=\"elementor-container elementor-column-gap-custom\">\n\t\t\t\t\t<div class=\"elementor-column elementor-col-50 elementor-top-column elementor-element elementor-element-35239d0\" data-id=\"35239d0\" data-element_type=\"column\">\n\t\t\t<div class=\"elementor-widget-wrap\">\n\t\t\t\t\t\t\t<\/div>\n\t\t<\/div>\n\t\t\t\t<div class=\"elementor-column elementor-col-50 elementor-top-column elementor-element elementor-element-d6b5024\" data-id=\"d6b5024\" data-element_type=\"column\">\n\t\t\t<div class=\"elementor-widget-wrap elementor-element-populated\">\n\t\t\t\t\t\t<div class=\"elementor-element elementor-element-3a6ad1b elementor-widget elementor-widget-theme-post-title elementor-page-title elementor-widget-heading\" data-id=\"3a6ad1b\" data-element_type=\"widget\" data-widget_type=\"theme-post-title.default\">\n\t\t\t\t<div class=\"elementor-widget-container\">\n\t\t\t\t\t<h1 class=\"elementor-heading-title elementor-size-default\">Future Leader spotlight : Anthony Bouvier r\u00e9volutionne l\u2019emballage durable<\/h1>\t\t\t\t<\/div>\n\t\t\t\t<\/div>\n\t\t\t\t\t<\/div>\n\t\t<\/div>\n\t\t\t\t\t<\/div>\n\t\t<\/section>\n\t\t\t\t<section class=\"elementor-section elementor-top-section elementor-element elementor-element-4dfaf9c elementor-section-full_width elementor-section-height-default elementor-section-height-default\" data-id=\"4dfaf9c\" data-element_type=\"section\" data-settings=\"{&quot;background_background&quot;:&quot;classic&quot;}\">\n\t\t\t\t\t\t<div class=\"elementor-container elementor-column-gap-default\">\n\t\t\t\t\t<div class=\"elementor-column elementor-col-25 elementor-top-column elementor-element elementor-element-6d940a7\" data-id=\"6d940a7\" data-element_type=\"column\">\n\t\t\t<div class=\"elementor-widget-wrap elementor-element-populated\">\n\t\t\t\t\t\t\t<\/div>\n\t\t<\/div>\n\t\t\t\t<div class=\"elementor-column elementor-col-25 elementor-top-column elementor-element elementor-element-9956d49\" data-id=\"9956d49\" data-element_type=\"column\">\n\t\t\t<div class=\"elementor-widget-wrap elementor-element-populated\">\n\t\t\t\t\t\t<div class=\"elementor-element elementor-element-ee9acd9 elementor-widget elementor-widget-post-info\" data-id=\"ee9acd9\" data-element_type=\"widget\" data-widget_type=\"post-info.default\">\n\t\t\t\t<div class=\"elementor-widget-container\">\n\t\t\t\t\t\t\t<ul class=\"elementor-icon-list-items elementor-post-info\">\n\t\t\t\t\t\t\t\t<li class=\"elementor-icon-list-item elementor-repeater-item-bdf8f56\" itemprop=\"datePublished\">\n\t\t\t\t\t\t<a href=\"https:\/\/www.parispackagingweek.com\/fr\/2026\/03\/10\/\">\n\t\t\t\t\t\t\t\t\t\t\t\t\t\t<span class=\"elementor-icon-list-text elementor-post-info__item elementor-post-info__item--type-date\">\n\t\t\t\t\t\t\t\t\t\t<time>mars 10, 2026<\/time>\t\t\t\t\t<\/span>\n\t\t\t\t\t\t\t\t\t<\/a>\n\t\t\t\t<\/li>\n\t\t\t\t<\/ul>\n\t\t\t\t\t\t<\/div>\n\t\t\t\t<\/div>\n\t\t\t\t<div class=\"elementor-element elementor-element-dd33671 elementor-widget elementor-widget-text-editor\" data-id=\"dd33671\" data-element_type=\"widget\" data-widget_type=\"text-editor.default\">\n\t\t\t\t<div class=\"elementor-widget-container\">\n\t\t\t\t\t\t\t\t\t<p>Membre de la promotion Future Leaders 2026 de la Paris Packaging Week, Anthony Bouvier promeut les formats r\u00e9utilisables et remet en cause les id\u00e9es re\u00e7ues sur l\u2019impact environnemental r\u00e9el des emballages.<\/p>\t\t\t\t\t\t\t\t<\/div>\n\t\t\t\t<\/div>\n\t\t\t\t<div class=\"elementor-element elementor-element-d19721e elementor-widget elementor-widget-text-editor\" data-id=\"d19721e\" data-element_type=\"widget\" data-widget_type=\"text-editor.default\">\n\t\t\t\t<div class=\"elementor-widget-container\">\n\t\t\t\t\t\t\t\t\t<p>Anthony Bouvier a d\u00e9couvert l\u2019emballage lors d\u2019une alternance chez Hyl\u00e9ance. Il a vite compris que ce qui para\u00eet simple en rayon cache\u00a0 un d\u00e9licat \u00e9quilibre entre contraintes industrielles, attentes des marques, besoins des consommateurs et consid\u00e9rations environnementales . Une grande partie de son travail porte sur les formats rechargeables et r\u00e9utilisables, qu\u2019il consid\u00e8re comme ayant\u00a0 un vrai potentiel environnemental , mais seulement si les marques les rendent assez intuitifs pour surmonter l\u2019effort du nettoyage, du rechargement et du changement d\u2019habitudes.<\/p><p>\u00a0\u00bb <em>Notre g\u00e9n\u00e9ration est motiv\u00e9e, audacieuse, engag\u00e9e et pr\u00eate \u00e0 relever les d\u00e9fis d\u2019aujourd\u2019hui et de demain. En commen\u00e7ant ma carri\u00e8re comme apprenti, j\u2019ai d\u00fb trouver ma place dans le monde industriel et apprendre \u00e0 d\u00e9fendre mes id\u00e9es, ce qui n\u2019est pas toujours facile quand on est jeune. Au fil des ans, j\u2019ai gagn\u00e9 en confiance, et je veux montrer que les jeunes professionnels apportent une vraie valeur ajout\u00e9e et un regard neuf sur les d\u00e9fis auxquels sont confront\u00e9es les entreprises<\/em> \u00ab\u00a0, d\u00e9clare Anthony Bouvier, Chef de Produit chez Hyl\u00e9ance et Doctorant en Marketing.<\/p>\t\t\t\t\t\t\t\t<\/div>\n\t\t\t\t<\/div>\n\t\t\t\t<div class=\"elementor-element elementor-element-8b6e140 elementor-align-justify elementor-widget elementor-widget-dynamic-button\" data-id=\"8b6e140\" data-element_type=\"widget\" data-settings=\"{&quot;_animation&quot;:&quot;none&quot;}\" data-widget_type=\"dynamic-button.default\">\n\t\t\t\t<div class=\"elementor-widget-container\">\n\t\t\t\t\t        <div class=\"elementor-button-wrapper\">\n            <a href=\"https:\/\/spnews.com\/future-leader-anthony-bouvier\/\" target=\"_blank\" class=\"elementor-button-link elementor-button elementor-size-sm elementor-animation-grow\" role=\"button\">\n                        <span class=\"elementor-button-content-wrapper\">\n\t\t\t                <span class=\"elementor-button-icon elementor-align-icon-right\">\n\t\t\t\t<i aria-hidden=\"true\" class=\"fas fa-angle-right\"><\/i>\t\t\t<\/span>\n            \t\t\t<span class=\"elementor-button-text\">LIRE L'ARTICLE COMPLET SUR SUSTAINABLE PACKAGING NEWS<\/span>\n\t\t<\/span>\n                    <\/a>\n        <\/div>\n        \t\t\t\t<\/div>\n\t\t\t\t<\/div>\n\t\t\t\t<div class=\"elementor-element elementor-element-efee721 elementor-icon-list--layout-inline elementor-align-center elementor-tablet-align-center elementor-list-item-link-full_width elementor-widget elementor-widget-icon-list\" data-id=\"efee721\" data-element_type=\"widget\" data-widget_type=\"icon-list.default\">\n\t\t\t\t<div class=\"elementor-widget-container\">\n\t\t\t\t\t\t\t<ul class=\"elementor-icon-list-items elementor-inline-items\">\n\t\t\t\t\t\t\t<li class=\"elementor-icon-list-item elementor-inline-item\">\n\t\t\t\t\t\t\t\t\t\t\t<a href=\"https:\/\/www.facebook.com\/parispackagingweek\" target=\"_blank\">\n\n\t\t\t\t\t\t\t\t\t\t\t\t<span class=\"elementor-icon-list-icon\">\n\t\t\t\t\t\t\t<i aria-hidden=\"true\" class=\"fab fa-facebook-f\"><\/i>\t\t\t\t\t\t<\/span>\n\t\t\t\t\t\t\t\t\t\t<span class=\"elementor-icon-list-text\"><\/span>\n\t\t\t\t\t\t\t\t\t\t\t<\/a>\n\t\t\t\t\t\t\t\t\t<\/li>\n\t\t\t\t\t\t\t\t<li class=\"elementor-icon-list-item elementor-inline-item\">\n\t\t\t\t\t\t\t\t\t\t\t<a href=\"https:\/\/twitter.com\/parispackweek\" target=\"_blank\">\n\n\t\t\t\t\t\t\t\t\t\t\t\t<span class=\"elementor-icon-list-icon\">\n\t\t\t\t\t\t\t<i aria-hidden=\"true\" class=\"fab fa-twitter\"><\/i>\t\t\t\t\t\t<\/span>\n\t\t\t\t\t\t\t\t\t\t<span class=\"elementor-icon-list-text\"><\/span>\n\t\t\t\t\t\t\t\t\t\t\t<\/a>\n\t\t\t\t\t\t\t\t\t<\/li>\n\t\t\t\t\t\t\t\t<li class=\"elementor-icon-list-item elementor-inline-item\">\n\t\t\t\t\t\t\t\t\t\t\t<a href=\"https:\/\/www.linkedin.com\/showcase\/parispackagingweek\" target=\"_blank\">\n\n\t\t\t\t\t\t\t\t\t\t\t\t<span class=\"elementor-icon-list-icon\">\n\t\t\t\t\t\t\t<i aria-hidden=\"true\" class=\"fab fa-linkedin-in\"><\/i>\t\t\t\t\t\t<\/span>\n\t\t\t\t\t\t\t\t\t\t<span class=\"elementor-icon-list-text\"><\/span>\n\t\t\t\t\t\t\t\t\t\t\t<\/a>\n\t\t\t\t\t\t\t\t\t<\/li>\n\t\t\t\t\t\t\t\t<li class=\"elementor-icon-list-item elementor-inline-item\">\n\t\t\t\t\t\t\t\t\t\t\t<a href=\"https:\/\/www.instagram.com\/parispackagingweek\/\" target=\"_blank\">\n\n\t\t\t\t\t\t\t\t\t\t\t\t<span class=\"elementor-icon-list-icon\">\n\t\t\t\t\t\t\t<i aria-hidden=\"true\" class=\"fab fa-instagram\"><\/i>\t\t\t\t\t\t<\/span>\n\t\t\t\t\t\t\t\t\t\t<span class=\"elementor-icon-list-text\"><\/span>\n\t\t\t\t\t\t\t\t\t\t\t<\/a>\n\t\t\t\t\t\t\t\t\t<\/li>\n\t\t\t\t\t\t<\/ul>\n\t\t\t\t\t\t<\/div>\n\t\t\t\t<\/div>\n\t\t\t\t<div class=\"elementor-element elementor-element-403ea04 elementor-widget elementor-widget-heading\" data-id=\"403ea04\" data-element_type=\"widget\" data-widget_type=\"heading.default\">\n\t\t\t\t<div class=\"elementor-widget-container\">\n\t\t\t\t\t<h2 class=\"elementor-heading-title elementor-size-default\">Partager cet article<\/h2>\t\t\t\t<\/div>\n\t\t\t\t<\/div>\n\t\t\t\t<div class=\"elementor-element elementor-element-52c65bf elementor-share-buttons--view-icon-text elementor-share-buttons--skin-gradient elementor-share-buttons--shape-square elementor-grid-0 elementor-share-buttons--color-official elementor-widget elementor-widget-share-buttons\" data-id=\"52c65bf\" data-element_type=\"widget\" data-widget_type=\"share-buttons.default\">\n\t\t\t\t<div class=\"elementor-widget-container\">\n\t\t\t\t\t\t\t<div class=\"elementor-grid\" role=\"list\">\n\t\t\t\t\t\t\t\t<div class=\"elementor-grid-item\" role=\"listitem\">\n\t\t\t\t\t\t<div class=\"elementor-share-btn elementor-share-btn_facebook\" role=\"button\" tabindex=\"0\" aria-label=\"Share on facebook\">\n\t\t\t\t\t\t\t\t\t\t\t\t\t\t\t<span class=\"elementor-share-btn__icon\">\n\t\t\t\t\t\t\t\t<i class=\"fab fa-facebook\" aria-hidden=\"true\"><\/i>\t\t\t\t\t\t\t<\/span>\n\t\t\t\t\t\t\t\t\t\t\t\t\t\t\t\t\t\t\t\t\t\t<div class=\"elementor-share-btn__text\">\n\t\t\t\t\t\t\t\t\t\t\t\t\t\t\t\t\t\t\t<span class=\"elementor-share-btn__title\">\n\t\t\t\t\t\t\t\t\t\tFacebook\t\t\t\t\t\t\t\t\t<\/span>\n\t\t\t\t\t\t\t\t\t\t\t\t\t\t\t\t\t<\/div>\n\t\t\t\t\t\t\t\t\t\t\t\t\t<\/div>\n\t\t\t\t\t<\/div>\n\t\t\t\t\t\t\t\t\t<div class=\"elementor-grid-item\" role=\"listitem\">\n\t\t\t\t\t\t<div class=\"elementor-share-btn elementor-share-btn_twitter\" role=\"button\" tabindex=\"0\" aria-label=\"Share on twitter\">\n\t\t\t\t\t\t\t\t\t\t\t\t\t\t\t<span class=\"elementor-share-btn__icon\">\n\t\t\t\t\t\t\t\t<i class=\"fab fa-twitter\" aria-hidden=\"true\"><\/i>\t\t\t\t\t\t\t<\/span>\n\t\t\t\t\t\t\t\t\t\t\t\t\t\t\t\t\t\t\t\t\t\t<div class=\"elementor-share-btn__text\">\n\t\t\t\t\t\t\t\t\t\t\t\t\t\t\t\t\t\t\t<span class=\"elementor-share-btn__title\">\n\t\t\t\t\t\t\t\t\t\tTwitter\t\t\t\t\t\t\t\t\t<\/span>\n\t\t\t\t\t\t\t\t\t\t\t\t\t\t\t\t\t<\/div>\n\t\t\t\t\t\t\t\t\t\t\t\t\t<\/div>\n\t\t\t\t\t<\/div>\n\t\t\t\t\t\t\t\t\t<div class=\"elementor-grid-item\" role=\"listitem\">\n\t\t\t\t\t\t<div class=\"elementor-share-btn elementor-share-btn_linkedin\" role=\"button\" tabindex=\"0\" aria-label=\"Share on linkedin\">\n\t\t\t\t\t\t\t\t\t\t\t\t\t\t\t<span class=\"elementor-share-btn__icon\">\n\t\t\t\t\t\t\t\t<i class=\"fab fa-linkedin\" aria-hidden=\"true\"><\/i>\t\t\t\t\t\t\t<\/span>\n\t\t\t\t\t\t\t\t\t\t\t\t\t\t\t\t\t\t\t\t\t\t<div class=\"elementor-share-btn__text\">\n\t\t\t\t\t\t\t\t\t\t\t\t\t\t\t\t\t\t\t<span class=\"elementor-share-btn__title\">\n\t\t\t\t\t\t\t\t\t\tLinkedIn\t\t\t\t\t\t\t\t\t<\/span>\n\t\t\t\t\t\t\t\t\t\t\t\t\t\t\t\t\t<\/div>\n\t\t\t\t\t\t\t\t\t\t\t\t\t<\/div>\n\t\t\t\t\t<\/div>\n\t\t\t\t\t\t<\/div>\n\t\t\t\t\t\t<\/div>\n\t\t\t\t<\/div>\n\t\t\t\t\t<\/div>\n\t\t<\/div>\n\t\t\t\t<div class=\"elementor-column elementor-col-25 elementor-top-column elementor-element elementor-element-8f6aa53\" data-id=\"8f6aa53\" data-element_type=\"column\" data-settings=\"{&quot;background_background&quot;:&quot;classic&quot;}\">\n\t\t\t<div class=\"elementor-widget-wrap elementor-element-populated\">\n\t\t\t\t\t\t<div class=\"elementor-element elementor-element-2e19583 elementor-hidden-tablet elementor-hidden-mobile elementor-hidden-desktop elementor-widget elementor-widget-wp-widget-adsanity-single\" data-id=\"2e19583\" data-element_type=\"widget\" data-settings=\"{&quot;sticky&quot;:&quot;top&quot;,&quot;sticky_offset&quot;:140,&quot;sticky_on&quot;:[&quot;desktop&quot;,&quot;tablet&quot;],&quot;sticky_offset_tablet&quot;:150,&quot;sticky_effects_offset&quot;:0,&quot;sticky_anchor_link_offset&quot;:0}\" data-widget_type=\"wp-widget-adsanity-single.default\">\n\t\t\t\t<div class=\"elementor-widget-container\">\n\t\t\t\t\t\n<div id=\"ad-65633\" class=\"ad-426x249 adsanity-426x249  adsanity-\"\n><div class=\"adsanity-inner\">\n\n<div class=\"adsanity-gati\" data-title=\"Horizontal example\"><a rel=\"nofollow\" href=\"https:\/\/www.parispackagingweek.com\/fr\/ads\/horizontal-example\/\"  target=\"_blank\"><img fetchpriority=\"high\" decoding=\"async\" width=\"426\" height=\"249\" src=\"https:\/\/easyfairsassets.com\/sites\/61\/2022\/04\/426-x-249_Yoga.jpg\" class=\"no-lazy-load wp-post-image\" alt=\"\" srcset=\"https:\/\/easyfairsassets.com\/sites\/61\/2022\/04\/426-x-249_Yoga.jpg 426w, https:\/\/easyfairsassets.com\/sites\/61\/2022\/04\/426-x-249_Yoga-300x175.jpg 300w\" sizes=\"(max-width: 426px) 100vw, 426px\" \/><\/a><\/div>\n<\/div><\/div>\n\n\t\t\t\t<\/div>\n\t\t\t\t<\/div>\n\t\t\t\t<div class=\"elementor-element elementor-element-860a842 elementor-widget elementor-widget-theme-post-featured-image elementor-widget-image\" data-id=\"860a842\" data-element_type=\"widget\" data-widget_type=\"theme-post-featured-image.default\">\n\t\t\t\t<div class=\"elementor-widget-container\">\n\t\t\t\t\t\t\t\t\t\t\t\t\t\t\t<img decoding=\"async\" width=\"1200\" height=\"626\" src=\"https:\/\/easyfairsassets.com\/sites\/61\/2026\/03\/Anthony-Bouvier-1.png\" class=\"attachment-full size-full wp-image-498179\" alt=\"Anthony Bouvier\" srcset=\"https:\/\/easyfairsassets.com\/sites\/61\/2026\/03\/Anthony-Bouvier-1.png 1200w, https:\/\/easyfairsassets.com\/sites\/61\/2026\/03\/Anthony-Bouvier-1-300x157.png 300w, https:\/\/easyfairsassets.com\/sites\/61\/2026\/03\/Anthony-Bouvier-1-768x401.png 768w\" sizes=\"(max-width: 1200px) 100vw, 1200px\" \/>\t\t\t\t\t\t\t\t\t\t\t\t\t\t\t<\/div>\n\t\t\t\t<\/div>\n\t\t\t\t<div class=\"elementor-element elementor-element-ecb3eaa elementor-hidden-desktop elementor-hidden-tablet elementor-hidden-mobile elementor-widget elementor-widget-text-editor\" data-id=\"ecb3eaa\" data-element_type=\"widget\" data-widget_type=\"text-editor.default\">\n\t\t\t\t<div class=\"elementor-widget-container\">\n\t\t\t\t\t\t\t\t\t<p>Photo de <a href=\"https:\/\/www.securikett.com\/sustainable-security-solutions\/\">Securikett<\/a><\/p>\t\t\t\t\t\t\t\t<\/div>\n\t\t\t\t<\/div>\n\t\t\t\t<div class=\"elementor-element elementor-element-aa2e5ad elementor-widget elementor-widget-spacer\" data-id=\"aa2e5ad\" data-element_type=\"widget\" data-widget_type=\"spacer.default\">\n\t\t\t\t<div class=\"elementor-widget-container\">\n\t\t\t\t\t\t\t<div class=\"elementor-spacer\">\n\t\t\t<div class=\"elementor-spacer-inner\"><\/div>\n\t\t<\/div>\n\t\t\t\t\t\t<\/div>\n\t\t\t\t<\/div>\n\t\t\t\t<section class=\"elementor-section elementor-inner-section elementor-element elementor-element-654365c elementor-section-boxed elementor-section-height-default elementor-section-height-default\" data-id=\"654365c\" data-element_type=\"section\">\n\t\t\t\t\t\t<div class=\"elementor-container elementor-column-gap-default\">\n\t\t\t\t\t<div class=\"elementor-column elementor-col-100 elementor-inner-column elementor-element elementor-element-b8ed3c8\" data-id=\"b8ed3c8\" data-element_type=\"column\">\n\t\t\t<div class=\"elementor-widget-wrap elementor-element-populated\">\n\t\t\t\t\t\t<div class=\"elementor-element elementor-element-5b76adf elementor-widget elementor-widget-heading\" data-id=\"5b76adf\" data-element_type=\"widget\" data-widget_type=\"heading.default\">\n\t\t\t\t<div class=\"elementor-widget-container\">\n\t\t\t\t\t<h2 class=\"elementor-heading-title elementor-size-default\">Abonnez-vous \u00e0 la newsletter du salon<\/h2>\t\t\t\t<\/div>\n\t\t\t\t<\/div>\n\t\t\t\t<div class=\"elementor-element elementor-element-c64cc38 elementor-button-align-stretch elementor-widget elementor-widget-form\" data-id=\"c64cc38\" data-element_type=\"widget\" data-settings=\"{&quot;step_next_label&quot;:&quot;Suivant&quot;,&quot;step_previous_label&quot;:&quot;Pr\\u00e9c\\u00e9dent&quot;,&quot;button_width&quot;:&quot;100&quot;,&quot;step_type&quot;:&quot;number_text&quot;,&quot;step_icon_shape&quot;:&quot;circle&quot;}\" data-widget_type=\"form.default\">\n\t\t\t\t<div class=\"elementor-widget-container\">\n\t\t\t\t\t\t\t<form class=\"elementor-form\" method=\"post\" name=\"Fruit Newsletters\" aria-label=\"Fruit Newsletters\">\n\t\t\t<input type=\"hidden\" name=\"post_id\" value=\"498168\"\/>\n\t\t\t<input type=\"hidden\" name=\"form_id\" value=\"c64cc38\"\/>\n\t\t\t<input type=\"hidden\" name=\"referer_title\" value=\"\" \/>\n\n\t\t\t\n\t\t\t<div class=\"elementor-form-fields-wrapper elementor-labels-above\">\n\t\t\t\t\t\t\t\t<div class=\"elementor-field-type-text elementor-field-group elementor-column elementor-field-group-Email elementor-col-100 elementor-field-required elementor-mark-required\">\n\t\t\t\t\t\t\t\t\t\t\t\t\t<input size=\"1\" type=\"text\" name=\"form_fields[Email]\" id=\"form-field-Email\" class=\"elementor-field elementor-size-sm  elementor-field-textual\" placeholder=\"Adresse email\" required=\"required\">\n\t\t\t\t\t\t\t\t\t\t\t<\/div>\n\t\t\t\t\t\t\t\t<div class=\"elementor-field-type-recaptcha_v3 elementor-field-group elementor-column elementor-field-group-field_1e34227 elementor-col-100 recaptcha_v3-inline\">\n\t\t\t\t\t<div class=\"elementor-field\" id=\"form-field-field_1e34227\"><div class=\"elementor-g-recaptcha\" data-sitekey=\"6LcRLiMdAAAAAMfz2VLOztX3J4YGX2zjQnrCNW2V\" data-type=\"v3\" data-action=\"Form\" data-badge=\"inline\" data-size=\"invisible\"><\/div><\/div>\t\t\t\t<\/div>\n\t\t\t\t\t\t\t\t<div class=\"elementor-field-group elementor-column elementor-field-type-submit elementor-col-100 e-form__buttons\">\n\t\t\t\t\t<button class=\"elementor-button elementor-size-sm elementor-animation-grow\" type=\"submit\">\n\t\t\t\t\t\t<span class=\"elementor-button-content-wrapper\">\n\t\t\t\t\t\t\t\t\t\t\t\t\t\t\t<span class=\"elementor-button-icon\">\n\t\t\t\t\t\t\t\t\t<i aria-hidden=\"true\" class=\"fas fa-angle-right\"><\/i>\t\t\t\t\t\t\t\t\t\t\t\t\t\t\t\t\t<\/span>\n\t\t\t\t\t\t\t\t\t\t\t\t\t\t\t\t\t\t\t\t\t\t<span class=\"elementor-button-text\">Envoyer<\/span>\n\t\t\t\t\t\t\t\t\t\t\t\t\t<\/span>\n\t\t\t\t\t<\/button>\n\t\t\t\t<\/div>\n\t\t\t<\/div>\n\t\t<\/form>\n\t\t\t\t\t\t<\/div>\n\t\t\t\t<\/div>\n\t\t\t\t\t<\/div>\n\t\t<\/div>\n\t\t\t\t\t<\/div>\n\t\t<\/section>\n\t\t\t\t<div class=\"elementor-element elementor-element-45d6bbf elementor-hidden-desktop elementor-hidden-tablet elementor-hidden-mobile elementor-widget elementor-widget-spacer\" data-id=\"45d6bbf\" data-element_type=\"widget\" data-widget_type=\"spacer.default\">\n\t\t\t\t<div class=\"elementor-widget-container\">\n\t\t\t\t\t\t\t<div class=\"elementor-spacer\">\n\t\t\t<div class=\"elementor-spacer-inner\"><\/div>\n\t\t<\/div>\n\t\t\t\t\t\t<\/div>\n\t\t\t\t<\/div>\n\t\t\t\t<div class=\"elementor-element elementor-element-a188940 elementor-widget elementor-widget-heading\" data-id=\"a188940\" data-element_type=\"widget\" data-widget_type=\"heading.default\">\n\t\t\t\t<div class=\"elementor-widget-container\">\n\t\t\t\t\t<h2 class=\"elementor-heading-title elementor-size-default\">Les derniers articles de Paris Packaging Week<\/h2>\t\t\t\t<\/div>\n\t\t\t\t<\/div>\n\t\t\t\t<div class=\"elementor-element elementor-element-607271b elementor-posts--align-left elementor-grid-2 elementor-grid-tablet-1 elementor-grid-mobile-1 elementor-posts--thumbnail-top elementor-widget elementor-widget-posts\" data-id=\"607271b\" data-element_type=\"widget\" data-settings=\"{&quot;classic_row_gap&quot;:{&quot;unit&quot;:&quot;px&quot;,&quot;size&quot;:&quot;49&quot;,&quot;sizes&quot;:[]},&quot;classic_columns&quot;:&quot;2&quot;,&quot;classic_columns_tablet&quot;:&quot;1&quot;,&quot;classic_row_gap_tablet&quot;:{&quot;unit&quot;:&quot;px&quot;,&quot;size&quot;:20,&quot;sizes&quot;:[]},&quot;classic_columns_mobile&quot;:&quot;1&quot;,&quot;classic_row_gap_mobile&quot;:{&quot;unit&quot;:&quot;px&quot;,&quot;size&quot;:&quot;&quot;,&quot;sizes&quot;:[]}}\" data-widget_type=\"posts.classic\">\n\t\t\t\t<div class=\"elementor-widget-container\">\n\t\t\t\t\t\t\t<div class=\"elementor-posts-container elementor-posts elementor-posts--skin-classic elementor-grid\" role=\"list\">\n\t\t\t\t<article class=\"elementor-post elementor-grid-item post-500061 post type-post status-publish format-standard has-post-thumbnail hentry category-beauty category-design-2 category-innovation-2 category-luxury-2 category-trends-2\" role=\"listitem\">\n\t\t\t\t<a class=\"elementor-post__thumbnail__link\" href=\"https:\/\/www.parispackagingweek.com\/fr\/2026\/04\/28\/aptar-accompagne-clarins-avec-un-packaging-sur-mesure-pour-le-double-serum-fond-de-teint\/\" tabindex=\"-1\" >\n\t\t\t<div class=\"elementor-post__thumbnail\"><img decoding=\"async\" width=\"1200\" height=\"626\" src=\"https:\/\/easyfairsassets.com\/sites\/61\/2026\/04\/Article-website-Clarins-Double-Serum-Foundation.png\" class=\"attachment-full size-full wp-image-500062\" alt=\"Clarins Double Serum Foundation\" srcset=\"https:\/\/easyfairsassets.com\/sites\/61\/2026\/04\/Article-website-Clarins-Double-Serum-Foundation.png 1200w, https:\/\/easyfairsassets.com\/sites\/61\/2026\/04\/Article-website-Clarins-Double-Serum-Foundation-300x157.png 300w, https:\/\/easyfairsassets.com\/sites\/61\/2026\/04\/Article-website-Clarins-Double-Serum-Foundation-768x401.png 768w\" sizes=\"(max-width: 1200px) 100vw, 1200px\" \/><\/div>\n\t\t<\/a>\n\t\t\t\t<div class=\"elementor-post__text\">\n\t\t\t\t<h3 class=\"elementor-post__title\">\n\t\t\t<a href=\"https:\/\/www.parispackagingweek.com\/fr\/2026\/04\/28\/aptar-accompagne-clarins-avec-un-packaging-sur-mesure-pour-le-double-serum-fond-de-teint\/\" >\n\t\t\t\tAptar accompagne Clarins avec un packaging sur mesure pour le Double Serum Fond de Teint\t\t\t<\/a>\n\t\t<\/h3>\n\t\t\t\t<\/div>\n\t\t\t\t<\/article>\n\t\t\t\t<article class=\"elementor-post elementor-grid-item post-500016 post type-post status-publish format-standard has-post-thumbnail hentry category-drinks category-innovation-2 category-luxury-2 category-trends-2\" role=\"listitem\">\n\t\t\t\t<a class=\"elementor-post__thumbnail__link\" href=\"https:\/\/www.parispackagingweek.com\/fr\/2026\/04\/28\/le-nouveau-pack-captain-morgan-sliced-arrive-en-canette-prete-a-boire\/\" tabindex=\"-1\" >\n\t\t\t<div class=\"elementor-post__thumbnail\"><img loading=\"lazy\" decoding=\"async\" width=\"1200\" height=\"626\" src=\"https:\/\/easyfairsassets.com\/sites\/61\/2026\/04\/Article-visual-2.png\" class=\"attachment-full size-full wp-image-500019\" alt=\"\" srcset=\"https:\/\/easyfairsassets.com\/sites\/61\/2026\/04\/Article-visual-2.png 1200w, https:\/\/easyfairsassets.com\/sites\/61\/2026\/04\/Article-visual-2-300x157.png 300w, https:\/\/easyfairsassets.com\/sites\/61\/2026\/04\/Article-visual-2-768x401.png 768w\" sizes=\"(max-width: 1200px) 100vw, 1200px\" \/><\/div>\n\t\t<\/a>\n\t\t\t\t<div class=\"elementor-post__text\">\n\t\t\t\t<h3 class=\"elementor-post__title\">\n\t\t\t<a href=\"https:\/\/www.parispackagingweek.com\/fr\/2026\/04\/28\/le-nouveau-pack-captain-morgan-sliced-arrive-en-canette-prete-a-boire\/\" >\n\t\t\t\tLe nouveau pack Captain Morgan Sliced arrive en canette pr\u00eate \u00e0 boire\t\t\t<\/a>\n\t\t<\/h3>\n\t\t\t\t<\/div>\n\t\t\t\t<\/article>\n\t\t\t\t<article class=\"elementor-post elementor-grid-item post-500017 post type-post status-publish format-standard has-post-thumbnail hentry category-beauty category-design-2 category-innovation-2 category-luxury-2 category-trends-2\" role=\"listitem\">\n\t\t\t\t<a class=\"elementor-post__thumbnail__link\" href=\"https:\/\/www.parispackagingweek.com\/fr\/2026\/04\/23\/quadpack-devoile-lotus-pod-lapplicateur-effet-froid-nouvelle-generation\/\" tabindex=\"-1\" >\n\t\t\t<div class=\"elementor-post__thumbnail\"><img loading=\"lazy\" decoding=\"async\" width=\"1200\" height=\"626\" src=\"https:\/\/easyfairsassets.com\/sites\/61\/2026\/04\/Article-website-Quadpack-Lotus-Pod.png\" class=\"attachment-full size-full wp-image-500029\" alt=\"Quadpack Lotus Pod\" srcset=\"https:\/\/easyfairsassets.com\/sites\/61\/2026\/04\/Article-website-Quadpack-Lotus-Pod.png 1200w, https:\/\/easyfairsassets.com\/sites\/61\/2026\/04\/Article-website-Quadpack-Lotus-Pod-300x157.png 300w, https:\/\/easyfairsassets.com\/sites\/61\/2026\/04\/Article-website-Quadpack-Lotus-Pod-768x401.png 768w\" sizes=\"(max-width: 1200px) 100vw, 1200px\" \/><\/div>\n\t\t<\/a>\n\t\t\t\t<div class=\"elementor-post__text\">\n\t\t\t\t<h3 class=\"elementor-post__title\">\n\t\t\t<a href=\"https:\/\/www.parispackagingweek.com\/fr\/2026\/04\/23\/quadpack-devoile-lotus-pod-lapplicateur-effet-froid-nouvelle-generation\/\" >\n\t\t\t\tQuadpack d\u00e9voile Lotus Pod, l\u2019applicateur effet froid nouvelle g\u00e9n\u00e9ration\t\t\t<\/a>\n\t\t<\/h3>\n\t\t\t\t<\/div>\n\t\t\t\t<\/article>\n\t\t\t\t<article class=\"elementor-post elementor-grid-item post-499997 post type-post status-publish format-standard has-post-thumbnail hentry category-drinks category-innovation-2 category-luxury-2 category-trends-2\" role=\"listitem\">\n\t\t\t\t<a class=\"elementor-post__thumbnail__link\" href=\"https:\/\/www.parispackagingweek.com\/fr\/2026\/04\/22\/remy-cointreau-modernise-lidentite-visuelle-de-metaxa\/\" tabindex=\"-1\" >\n\t\t\t<div class=\"elementor-post__thumbnail\"><img loading=\"lazy\" decoding=\"async\" width=\"1200\" height=\"626\" src=\"https:\/\/easyfairsassets.com\/sites\/61\/2026\/04\/Untitled-1.png\" class=\"attachment-full size-full wp-image-499999\" alt=\"\" srcset=\"https:\/\/easyfairsassets.com\/sites\/61\/2026\/04\/Untitled-1.png 1200w, https:\/\/easyfairsassets.com\/sites\/61\/2026\/04\/Untitled-1-300x157.png 300w, https:\/\/easyfairsassets.com\/sites\/61\/2026\/04\/Untitled-1-768x401.png 768w\" sizes=\"(max-width: 1200px) 100vw, 1200px\" \/><\/div>\n\t\t<\/a>\n\t\t\t\t<div class=\"elementor-post__text\">\n\t\t\t\t<h3 class=\"elementor-post__title\">\n\t\t\t<a href=\"https:\/\/www.parispackagingweek.com\/fr\/2026\/04\/22\/remy-cointreau-modernise-lidentite-visuelle-de-metaxa\/\" >\n\t\t\t\tR\u00e9my Cointreau modernise l&rsquo;identit\u00e9 visuelle de Metaxa\t\t\t<\/a>\n\t\t<\/h3>\n\t\t\t\t<\/div>\n\t\t\t\t<\/article>\n\t\t\t\t<article class=\"elementor-post elementor-grid-item post-499932 post type-post status-publish format-standard has-post-thumbnail hentry category-drinks category-innovation-2 category-luxury-2 category-trends-2\" role=\"listitem\">\n\t\t\t\t<a class=\"elementor-post__thumbnail__link\" href=\"https:\/\/www.parispackagingweek.com\/fr\/2026\/04\/16\/de-lartisanat-au-patrimoine-comment-les-spiritueux-sinspirent-des-nouvelles-tendances-en-matiere-de-design\/\" tabindex=\"-1\" >\n\t\t\t<div class=\"elementor-post__thumbnail\"><img loading=\"lazy\" decoding=\"async\" width=\"1200\" height=\"626\" src=\"https:\/\/easyfairsassets.com\/sites\/61\/2026\/04\/Untitled-2.png\" class=\"attachment-full size-full wp-image-499934\" alt=\"\" srcset=\"https:\/\/easyfairsassets.com\/sites\/61\/2026\/04\/Untitled-2.png 1200w, https:\/\/easyfairsassets.com\/sites\/61\/2026\/04\/Untitled-2-300x157.png 300w, https:\/\/easyfairsassets.com\/sites\/61\/2026\/04\/Untitled-2-768x401.png 768w\" sizes=\"(max-width: 1200px) 100vw, 1200px\" \/><\/div>\n\t\t<\/a>\n\t\t\t\t<div class=\"elementor-post__text\">\n\t\t\t\t<h3 class=\"elementor-post__title\">\n\t\t\t<a href=\"https:\/\/www.parispackagingweek.com\/fr\/2026\/04\/16\/de-lartisanat-au-patrimoine-comment-les-spiritueux-sinspirent-des-nouvelles-tendances-en-matiere-de-design\/\" >\n\t\t\t\tDe l&rsquo;artisanat au patrimoine : comment les spiritueux s&rsquo;inspirent des nouvelles tendances en mati\u00e8re de design\t\t\t<\/a>\n\t\t<\/h3>\n\t\t\t\t<\/div>\n\t\t\t\t<\/article>\n\t\t\t\t<article class=\"elementor-post elementor-grid-item post-499919 post type-post status-publish format-standard has-post-thumbnail hentry category-beauty category-design-2 category-luxury-2 category-trends-2\" role=\"listitem\">\n\t\t\t\t<a class=\"elementor-post__thumbnail__link\" href=\"https:\/\/www.parispackagingweek.com\/fr\/2026\/04\/16\/un-sac-emblematique-de-dior-devient-linspiration-dun-nouveau-parfum\/\" tabindex=\"-1\" >\n\t\t\t<div class=\"elementor-post__thumbnail\"><img loading=\"lazy\" decoding=\"async\" width=\"1200\" height=\"626\" src=\"https:\/\/easyfairsassets.com\/sites\/61\/2026\/04\/Article-website-Dior-Cuir-Saddle-Parfum.png\" class=\"attachment-full size-full wp-image-499929\" alt=\"Dior Cuir Saddle Parfum\" srcset=\"https:\/\/easyfairsassets.com\/sites\/61\/2026\/04\/Article-website-Dior-Cuir-Saddle-Parfum.png 1200w, https:\/\/easyfairsassets.com\/sites\/61\/2026\/04\/Article-website-Dior-Cuir-Saddle-Parfum-300x157.png 300w, https:\/\/easyfairsassets.com\/sites\/61\/2026\/04\/Article-website-Dior-Cuir-Saddle-Parfum-768x401.png 768w\" sizes=\"(max-width: 1200px) 100vw, 1200px\" \/><\/div>\n\t\t<\/a>\n\t\t\t\t<div class=\"elementor-post__text\">\n\t\t\t\t<h3 class=\"elementor-post__title\">\n\t\t\t<a href=\"https:\/\/www.parispackagingweek.com\/fr\/2026\/04\/16\/un-sac-emblematique-de-dior-devient-linspiration-dun-nouveau-parfum\/\" >\n\t\t\t\tUn sac embl\u00e9matique de Dior devient l\u2019inspiration d\u2019un nouveau parfum\t\t\t<\/a>\n\t\t<\/h3>\n\t\t\t\t<\/div>\n\t\t\t\t<\/article>\n\t\t\t\t<article class=\"elementor-post elementor-grid-item post-499921 post type-post status-publish format-standard has-post-thumbnail hentry category-drinks category-innovation-2 category-luxury-2 category-trends-2\" role=\"listitem\">\n\t\t\t\t<a class=\"elementor-post__thumbnail__link\" href=\"https:\/\/www.parispackagingweek.com\/fr\/2026\/04\/16\/saint-james-celebre-son-260e-anniversaire-avec-elegance-un-rhum-en-edition-limitee\/\" tabindex=\"-1\" >\n\t\t\t<div class=\"elementor-post__thumbnail\"><img loading=\"lazy\" decoding=\"async\" width=\"1200\" height=\"626\" src=\"https:\/\/easyfairsassets.com\/sites\/61\/2026\/04\/Untitled.png\" class=\"attachment-full size-full wp-image-499923\" alt=\"\" srcset=\"https:\/\/easyfairsassets.com\/sites\/61\/2026\/04\/Untitled.png 1200w, https:\/\/easyfairsassets.com\/sites\/61\/2026\/04\/Untitled-300x157.png 300w, https:\/\/easyfairsassets.com\/sites\/61\/2026\/04\/Untitled-768x401.png 768w\" sizes=\"(max-width: 1200px) 100vw, 1200px\" \/><\/div>\n\t\t<\/a>\n\t\t\t\t<div class=\"elementor-post__text\">\n\t\t\t\t<h3 class=\"elementor-post__title\">\n\t\t\t<a href=\"https:\/\/www.parispackagingweek.com\/fr\/2026\/04\/16\/saint-james-celebre-son-260e-anniversaire-avec-elegance-un-rhum-en-edition-limitee\/\" >\n\t\t\t\tSaint James c\u00e9l\u00e8bre son 260e anniversaire avec \u00ab El\u00e9gance \u00bb, un rhum en \u00e9dition limit\u00e9e\t\t\t<\/a>\n\t\t<\/h3>\n\t\t\t\t<\/div>\n\t\t\t\t<\/article>\n\t\t\t\t<article class=\"elementor-post elementor-grid-item post-499887 post type-post status-publish format-standard has-post-thumbnail hentry category-aerosols-dispensing-2 category-aerosols-dispensing-3 category-business-2 category-design-2 category-sustainability-2 category-trends-2\" role=\"listitem\">\n\t\t\t\t<a class=\"elementor-post__thumbnail__link\" href=\"https:\/\/www.parispackagingweek.com\/fr\/2026\/04\/16\/kiss-colors-care-devoile-une-nouvelle-gamme-aerosol-pour-cheveux-textures\/\" tabindex=\"-1\" >\n\t\t\t<div class=\"elementor-post__thumbnail\"><img loading=\"lazy\" decoding=\"async\" width=\"1200\" height=\"626\" src=\"https:\/\/easyfairsassets.com\/sites\/61\/2026\/04\/Kiss-colors.png\" class=\"attachment-full size-full wp-image-499891\" alt=\"Paris Packaging Week | KISS Colors &amp; Care unveils new aerosol range for textured hair\" srcset=\"https:\/\/easyfairsassets.com\/sites\/61\/2026\/04\/Kiss-colors.png 1200w, https:\/\/easyfairsassets.com\/sites\/61\/2026\/04\/Kiss-colors-300x157.png 300w, https:\/\/easyfairsassets.com\/sites\/61\/2026\/04\/Kiss-colors-768x401.png 768w\" sizes=\"(max-width: 1200px) 100vw, 1200px\" \/><\/div>\n\t\t<\/a>\n\t\t\t\t<div class=\"elementor-post__text\">\n\t\t\t\t<h3 class=\"elementor-post__title\">\n\t\t\t<a href=\"https:\/\/www.parispackagingweek.com\/fr\/2026\/04\/16\/kiss-colors-care-devoile-une-nouvelle-gamme-aerosol-pour-cheveux-textures\/\" >\n\t\t\t\tKISS Colors &amp; Care d\u00e9voile une nouvelle gamme a\u00e9rosol pour cheveux textur\u00e9s\t\t\t<\/a>\n\t\t<\/h3>\n\t\t\t\t<\/div>\n\t\t\t\t<\/article>\n\t\t\t\t<\/div>\n\t\t\n\t\t\t\t\t\t<\/div>\n\t\t\t\t<\/div>\n\t\t\t\t<div class=\"elementor-element elementor-element-60377b9 elementor-align-justify elementor-widget elementor-widget-dynamic-button\" data-id=\"60377b9\" data-element_type=\"widget\" data-settings=\"{&quot;_animation&quot;:&quot;none&quot;}\" data-widget_type=\"dynamic-button.default\">\n\t\t\t\t<div class=\"elementor-widget-container\">\n\t\t\t\t\t        <div class=\"elementor-button-wrapper\">\n            <a href=\"https:\/\/www.parispackagingweek.com\/fr\/newsletter\/\" class=\"elementor-button-link elementor-button elementor-size-sm elementor-animation-grow\" role=\"button\">\n                        <span class=\"elementor-button-content-wrapper\">\n\t\t\t                <span class=\"elementor-button-icon elementor-align-icon-right\">\n\t\t\t\t<i aria-hidden=\"true\" class=\"fas fa-angle-right\"><\/i>\t\t\t<\/span>\n            \t\t\t<span class=\"elementor-button-text\">Inscrivez-vous \u00e0 la newsletter<\/span>\n\t\t<\/span>\n                    <\/a>\n        <\/div>\n        \t\t\t\t<\/div>\n\t\t\t\t<\/div>\n\t\t\t\t\t<\/div>\n\t\t<\/div>\n\t\t\t\t<div class=\"elementor-column elementor-col-25 elementor-top-column elementor-element elementor-element-5e0c966\" data-id=\"5e0c966\" data-element_type=\"column\">\n\t\t\t<div class=\"elementor-widget-wrap\">\n\t\t\t\t\t\t\t<\/div>\n\t\t<\/div>\n\t\t\t\t\t<\/div>\n\t\t<\/section>\n\t\t\t\t<\/div>\n\t\t","protected":false},"excerpt":{"rendered":"<p>Membre de la promotion Future Leaders 2026 de la Paris Packaging Week, Anthony Bouvier promeut les formats r\u00e9utilisables et<\/p>\n","protected":false},"author":1553,"featured_media":498179,"comment_status":"closed","ping_status":"closed","sticky":false,"template":"","format":"standard","meta":{"_seopress_robots_primary_cat":"none","_seopress_titles_title":"Paris Packaging Week | Future Leader spotlight : Anthony Bouvier r\u00e9volutionne l\u2019emballage durable","_seopress_titles_desc":"Membre de la promotion Future Leaders 2026 de la Paris Packaging Week, Anthony Bouvier promeut les formats r\u00e9utilisables et remet en cause les id\u00e9es re\u00e7ues sur l\u2019impact environnemental r\u00e9el des emballages.","_seopress_robots_index":"","footnotes":""},"categories":[115,722,119,120,131,118,116],"tags":[],"edition":[],"class_list":["post-498168","post","type-post","status-publish","format-standard","has-post-thumbnail","hentry","category-aerosols-dispensing-2","category-aerosols-dispensing-3","category-business-2","category-innovation-2","category-speaker","category-sustainability-2","category-trends-2"],"_links":{"self":[{"href":"https:\/\/www.parispackagingweek.com\/fr\/wp-json\/wp\/v2\/posts\/498168","targetHints":{"allow":["GET"]}}],"collection":[{"href":"https:\/\/www.parispackagingweek.com\/fr\/wp-json\/wp\/v2\/posts"}],"about":[{"href":"https:\/\/www.parispackagingweek.com\/fr\/wp-json\/wp\/v2\/types\/post"}],"author":[{"embeddable":true,"href":"https:\/\/www.parispackagingweek.com\/fr\/wp-json\/wp\/v2\/users\/1553"}],"replies":[{"embeddable":true,"href":"https:\/\/www.parispackagingweek.com\/fr\/wp-json\/wp\/v2\/comments?post=498168"}],"version-history":[{"count":5,"href":"https:\/\/www.parispackagingweek.com\/fr\/wp-json\/wp\/v2\/posts\/498168\/revisions"}],"predecessor-version":[{"id":498185,"href":"https:\/\/www.parispackagingweek.com\/fr\/wp-json\/wp\/v2\/posts\/498168\/revisions\/498185"}],"wp:featuredmedia":[{"embeddable":true,"href":"https:\/\/www.parispackagingweek.com\/fr\/wp-json\/wp\/v2\/media\/498179"}],"wp:attachment":[{"href":"https:\/\/www.parispackagingweek.com\/fr\/wp-json\/wp\/v2\/media?parent=498168"}],"wp:term":[{"taxonomy":"category","embeddable":true,"href":"https:\/\/www.parispackagingweek.com\/fr\/wp-json\/wp\/v2\/categories?post=498168"},{"taxonomy":"post_tag","embeddable":true,"href":"https:\/\/www.parispackagingweek.com\/fr\/wp-json\/wp\/v2\/tags?post=498168"},{"taxonomy":"edition","embeddable":true,"href":"https:\/\/www.parispackagingweek.com\/fr\/wp-json\/wp\/v2\/edition?post=498168"}],"curies":[{"name":"wp","href":"https:\/\/api.w.org\/{rel}","templated":true}]}}